{"id":4266,"date":"2017-02-23T15:25:21","date_gmt":"2017-02-23T18:25:21","guid":{"rendered":"https:\/\/blogs.correiobraziliense.com.br\/vicente\/?p=4266"},"modified":"2017-02-23T15:54:59","modified_gmt":"2017-02-23T18:54:59","slug":"quer-tirar-duvidas-sobre-os-saques-do-fgts-assista-ao-economia-no-sofa","status":"publish","type":"post","link":"https:\/\/blogs.correiobraziliense.com.br\/vicente\/quer-tirar-duvidas-sobre-os-saques-do-fgts-assista-ao-economia-no-sofa\/","title":{"rendered":"D\u00favidas sobre saques do FGTS? Assista ao Economia no sof\u00e1"},"content":{"rendered":"<p>Poucos assuntos t\u00eam movimentado tanto as massas como a libera\u00e7\u00e3o dos saques de contas inativas do Fundo de Garantia do Tempo de Servi\u00e7o (FGTS). \u00a0Os saques come\u00e7ar\u00e3o em 10 de mar\u00e7o e v\u00e3o at\u00e9 31 de julho, impreterivelmente.<\/p>\n<p>&nbsp;<\/p>\n<p>Para tentar esclarecer d\u00favidas e mostrar o impacto da montanha de mais de R$ 30 bilh\u00f5es que ser\u00e3o injetados na economia, preparamos um programa inteiro sobre o tema. A Caixa Econ\u00f4mica Federal criou um site para ajudar os trabalhadores: <a href=\"http:\/\/www.caixa.gov.br\/contasinativas\">www.caixa.gov.br\/contasinativas<\/a>.<\/p>\n<p>&nbsp;<\/p>\n<p><a href=\"https:\/\/youtu.be\/9-NFpmxwsKA\">https:\/\/youtu.be\/9-NFpmxwsKA<\/a><\/p>\n<p>&nbsp;<\/p>\n<p>Assista ao Economia no sof\u00e1, que tem participa\u00e7\u00f5es de Rosana Hessel, Rodolfo Costa e Renato Souza, rep\u00f3rteres do Correio.<\/p>\n<p>&nbsp;<\/p>\n<p><em>Bras\u00edlia, 15h25min<\/em><\/p>\n","protected":false},"excerpt":{"rendered":"<p>Poucos assuntos t\u00eam movimentado tanto as massas como a libera\u00e7\u00e3o dos saques de contas inativas do Fundo de Garantia do Tempo de Servi\u00e7o (FGTS). \u00a0Os saques come\u00e7ar\u00e3o em 10 de mar\u00e7o e v\u00e3o at\u00e9 31 de julho, impreterivelmente. &nbsp; Para tentar esclarecer d\u00favidas e mostrar o impacto da montanha de mais de R$ 30 bilh\u00f5es [&hellip;]<\/p>\n","protected":false},"author":22,"featured_media":0,"comment_status":"open","ping_status":"closed","sticky":false,"template":"","format":"standard","meta":{"footnotes":""},"categories":[600],"tags":[959,507,1932,1931,1930],"class_list":["post-4266","post","type-post","status-publish","format-standard","hentry","category-economia","tag-economia-no-sofa","tag-fgts","tag-impacto-no-pib","tag-mais-de-r-30-bilhoes","tag-saques-de-contas-inativas"],"_links":{"self":[{"href":"https:\/\/blogs.correiobraziliense.com.br\/vicente\/wp-json\/wp\/v2\/posts\/4266","targetHints":{"allow":["GET"]}}],"collection":[{"href":"https:\/\/blogs.correiobraziliense.com.br\/vicente\/wp-json\/wp\/v2\/posts"}],"about":[{"href":"https:\/\/blogs.correiobraziliense.com.br\/vicente\/wp-json\/wp\/v2\/types\/post"}],"author":[{"embeddable":true,"href":"https:\/\/blogs.correiobraziliense.com.br\/vicente\/wp-json\/wp\/v2\/users\/22"}],"replies":[{"embeddable":true,"href":"https:\/\/blogs.correiobraziliense.com.br\/vicente\/wp-json\/wp\/v2\/comments?post=4266"}],"version-history":[{"count":1,"href":"https:\/\/blogs.correiobraziliense.com.br\/vicente\/wp-json\/wp\/v2\/posts\/4266\/revisions"}],"predecessor-version":[{"id":4267,"href":"https:\/\/blogs.correiobraziliense.com.br\/vicente\/wp-json\/wp\/v2\/posts\/4266\/revisions\/4267"}],"wp:attachment":[{"href":"https:\/\/blogs.correiobraziliense.com.br\/vicente\/wp-json\/wp\/v2\/media?parent=4266"}],"wp:term":[{"taxonomy":"category","embeddable":true,"href":"https:\/\/blogs.correiobraziliense.com.br\/vicente\/wp-json\/wp\/v2\/categories?post=4266"},{"taxonomy":"post_tag","embeddable":true,"href":"https:\/\/blogs.correiobraziliense.com.br\/vicente\/wp-json\/wp\/v2\/tags?post=4266"}],"curies":[{"name":"wp","href":"https:\/\/api.w.org\/{rel}","templated":true}]}}