{"id":4254,"date":"2017-02-22T19:12:48","date_gmt":"2017-02-22T22:12:48","guid":{"rendered":"https:\/\/blogs.correiobraziliense.com.br\/vicente\/?p=4254"},"modified":"2017-02-22T19:13:12","modified_gmt":"2017-02-22T22:13:12","slug":"estranhamente-bc-nao-publica-suas-estimativas-para-inflacao","status":"publish","type":"post","link":"https:\/\/blogs.correiobraziliense.com.br\/vicente\/estranhamente-bc-nao-publica-suas-estimativas-para-inflacao\/","title":{"rendered":"Estranhamente, BC n\u00e3o publica suas estimativas para a infla\u00e7\u00e3o"},"content":{"rendered":"<p>POR ANTONIO TEM\u00d3TEO<\/p>\n<p>&nbsp;<\/p>\n<p>Apesar de comemorar o processo de queda da infla\u00e7\u00e3o, o Banco Central (BC) deixou de publicar o cen\u00e1rio de refer\u00eancia no comunicado ap\u00f3s reuni\u00e3o do Comit\u00ea de Pol\u00edtica Monet\u00e1ria (Copom). Os dados indicavam quais s\u00e3o as proje\u00e7\u00f5es da equipe comandada por Ilan Goldfajn e eram divulgados desde que ele tomou posse.<\/p>\n","protected":false},"excerpt":{"rendered":"<p>POR ANTONIO TEM\u00d3TEO &nbsp; Apesar de comemorar o processo de queda da infla\u00e7\u00e3o, o Banco Central (BC) deixou de publicar o cen\u00e1rio de refer\u00eancia no comunicado ap\u00f3s reuni\u00e3o do Comit\u00ea de Pol\u00edtica Monet\u00e1ria (Copom). Os dados indicavam quais s\u00e3o as proje\u00e7\u00f5es da equipe comandada por Ilan Goldfajn e eram divulgados desde que ele tomou posse.<\/p>\n","protected":false},"author":22,"featured_media":0,"comment_status":"open","ping_status":"closed","sticky":false,"template":"","format":"standard","meta":{"footnotes":""},"categories":[600],"tags":[106,1924,99],"class_list":["post-4254","post","type-post","status-publish","format-standard","hentry","category-economia","tag-bc","tag-cenario-de-referencia","tag-copom"],"_links":{"self":[{"href":"https:\/\/blogs.correiobraziliense.com.br\/vicente\/wp-json\/wp\/v2\/posts\/4254","targetHints":{"allow":["GET"]}}],"collection":[{"href":"https:\/\/blogs.correiobraziliense.com.br\/vicente\/wp-json\/wp\/v2\/posts"}],"about":[{"href":"https:\/\/blogs.correiobraziliense.com.br\/vicente\/wp-json\/wp\/v2\/types\/post"}],"author":[{"embeddable":true,"href":"https:\/\/blogs.correiobraziliense.com.br\/vicente\/wp-json\/wp\/v2\/users\/22"}],"replies":[{"embeddable":true,"href":"https:\/\/blogs.correiobraziliense.com.br\/vicente\/wp-json\/wp\/v2\/comments?post=4254"}],"version-history":[{"count":2,"href":"https:\/\/blogs.correiobraziliense.com.br\/vicente\/wp-json\/wp\/v2\/posts\/4254\/revisions"}],"predecessor-version":[{"id":4256,"href":"https:\/\/blogs.correiobraziliense.com.br\/vicente\/wp-json\/wp\/v2\/posts\/4254\/revisions\/4256"}],"wp:attachment":[{"href":"https:\/\/blogs.correiobraziliense.com.br\/vicente\/wp-json\/wp\/v2\/media?parent=4254"}],"wp:term":[{"taxonomy":"category","embeddable":true,"href":"https:\/\/blogs.correiobraziliense.com.br\/vicente\/wp-json\/wp\/v2\/categories?post=4254"},{"taxonomy":"post_tag","embeddable":true,"href":"https:\/\/blogs.correiobraziliense.com.br\/vicente\/wp-json\/wp\/v2\/tags?post=4254"}],"curies":[{"name":"wp","href":"https:\/\/api.w.org\/{rel}","templated":true}]}}