{"id":4252,"date":"2017-02-22T18:20:51","date_gmt":"2017-02-22T21:20:51","guid":{"rendered":"https:\/\/blogs.correiobraziliense.com.br\/vicente\/?p=4252"},"modified":"2017-02-22T18:20:51","modified_gmt":"2017-02-22T21:20:51","slug":"bc-corta-selic-em-075-ponto-percentual-para-1225-ao-ano","status":"publish","type":"post","link":"https:\/\/blogs.correiobraziliense.com.br\/vicente\/bc-corta-selic-em-075-ponto-percentual-para-1225-ao-ano\/","title":{"rendered":"BC corta Selic em 0,75 ponto percentual, para 12,25% ao ano"},"content":{"rendered":"<p class=\"p1\">POR ANTONIO TEM\u00d3TEO<\/p>\n<p class=\"p1\">\n<p class=\"p1\">O Comit\u00ea de Pol\u00edtica Monet\u00e1ria (Copom) reduziu pela segunda vez consecutiva a taxa b\u00e1sica de juros (Selic) em 0,75 ponto percentual, para 12,25% ao ano. A decis\u00e3o do Banco Central (BC), tomada de maneira un\u00e2nime pelo colegiado, era esperada pelo mercado.<\/p>\n<p class=\"p1\">\n<p class=\"p1\">Na reuni\u00e3o de janeiro, o colegiado surpreendeu a maior parcela do mercado e cortou a Selic na mesma intensidade. Na ata do \u00faltimo encontro, o comit\u00ea justificou o aumento do ritmo de corte da Selic baseado no processo de desinfla\u00e7\u00e3o mais disseminado e atividade econ\u00f4mica aqu\u00e9m do esperado.<\/p>\n<p class=\"p1\">\n<p class=\"p1\">Ao mesmo tempo, os membros do comit\u00ea indicaram que \u201ca extens\u00e3o do ciclo e poss\u00edveis revis\u00f5es no ritmo de flexibiliza\u00e7\u00e3o continuar\u00e3o dependendo das proje\u00e7\u00f5es e expectativas de infla\u00e7\u00e3o e da evolu\u00e7\u00e3o dos fatores de risco\u201d.<\/p>\n<p class=\"p1\">\n<p class=\"p1\">Na manh\u00e3 de hoje, o Instituto Brasileiro de Geografia e Estat\u00edstica (IBGE) divulgou o \u00cdndice de Pre\u00e7os ao Consumidor Amplo 15 (IPCA-15) de fevereiro que registrou alta de 0,54%, o menor resultado para o m\u00eas desde 0,53%.<\/p>\n<p class=\"p1\">\n<p class=\"p1\">Apesar de o resultado ficar acima da expectativa do mercado, o \u00edndice de difus\u00e3o mostrou que a acelera\u00e7\u00e3o de pre\u00e7os se concentrou nos itens educa\u00e7\u00e3o e tarifas de \u00f4nibus intermunicipais. Com isso, a divulga\u00e7\u00e3o do IPCA-15 de fevereiro n\u00e3o influenciou negativamente a decis\u00e3o do BC.<\/p>\n","protected":false},"excerpt":{"rendered":"<p>POR ANTONIO TEM\u00d3TEO O Comit\u00ea de Pol\u00edtica Monet\u00e1ria (Copom) reduziu pela segunda vez consecutiva a taxa b\u00e1sica de juros (Selic) em 0,75 ponto percentual, para 12,25% ao ano. A decis\u00e3o do Banco Central (BC), tomada de maneira un\u00e2nime pelo colegiado, era esperada pelo mercado. Na reuni\u00e3o de janeiro, o colegiado surpreendeu a maior parcela do [&hellip;]<\/p>\n","protected":false},"author":22,"featured_media":0,"comment_status":"open","ping_status":"closed","sticky":false,"template":"","format":"standard","meta":{"footnotes":""},"categories":[600],"tags":[106,99,391,1916,4,34],"class_list":["post-4252","post","type-post","status-publish","format-standard","hentry","category-economia","tag-bc","tag-copom","tag-ibge","tag-ipca-15","tag-juros","tag-selic"],"_links":{"self":[{"href":"https:\/\/blogs.correiobraziliense.com.br\/vicente\/wp-json\/wp\/v2\/posts\/4252","targetHints":{"allow":["GET"]}}],"collection":[{"href":"https:\/\/blogs.correiobraziliense.com.br\/vicente\/wp-json\/wp\/v2\/posts"}],"about":[{"href":"https:\/\/blogs.correiobraziliense.com.br\/vicente\/wp-json\/wp\/v2\/types\/post"}],"author":[{"embeddable":true,"href":"https:\/\/blogs.correiobraziliense.com.br\/vicente\/wp-json\/wp\/v2\/users\/22"}],"replies":[{"embeddable":true,"href":"https:\/\/blogs.correiobraziliense.com.br\/vicente\/wp-json\/wp\/v2\/comments?post=4252"}],"version-history":[{"count":1,"href":"https:\/\/blogs.correiobraziliense.com.br\/vicente\/wp-json\/wp\/v2\/posts\/4252\/revisions"}],"predecessor-version":[{"id":4253,"href":"https:\/\/blogs.correiobraziliense.com.br\/vicente\/wp-json\/wp\/v2\/posts\/4252\/revisions\/4253"}],"wp:attachment":[{"href":"https:\/\/blogs.correiobraziliense.com.br\/vicente\/wp-json\/wp\/v2\/media?parent=4252"}],"wp:term":[{"taxonomy":"category","embeddable":true,"href":"https:\/\/blogs.correiobraziliense.com.br\/vicente\/wp-json\/wp\/v2\/categories?post=4252"},{"taxonomy":"post_tag","embeddable":true,"href":"https:\/\/blogs.correiobraziliense.com.br\/vicente\/wp-json\/wp\/v2\/tags?post=4252"}],"curies":[{"name":"wp","href":"https:\/\/api.w.org\/{rel}","templated":true}]}}