{"id":4250,"date":"2017-02-22T12:01:03","date_gmt":"2017-02-22T15:01:03","guid":{"rendered":"https:\/\/blogs.correiobraziliense.com.br\/vicente\/?p=4250"},"modified":"2017-02-22T12:46:15","modified_gmt":"2017-02-22T15:46:15","slug":"governo-ja-mapeou-20-procuradores-que-serao-candidatos-em-2018","status":"publish","type":"post","link":"https:\/\/blogs.correiobraziliense.com.br\/vicente\/governo-ja-mapeou-20-procuradores-que-serao-candidatos-em-2018\/","title":{"rendered":"20 procuradores da Rep\u00fablica devem ser candidatos em 2018"},"content":{"rendered":"<h2>Sem grandes lideran\u00e7a tradicionais com capacidade para aglutinar votos dos eleitores, uma nova leva de pol\u00edticos est\u00e1 surgindo. O governo j\u00e1 identificou pelo menos 20 procuradores da Rep\u00fablica que est\u00e3o dispostos a enfrentar as urnas para os mais diversos cargos em 2018. A prefer\u00eancia, no entanto, \u00e9 para deputado federal.<\/h2>\n<p>&nbsp;<\/p>\n<p>Na avalia\u00e7\u00e3o de integrantes do Pal\u00e1cio do Planalto, se realmente esses procuradores sa\u00edrem candidatos, delegados da pol\u00edcia federal tamb\u00e9m poder\u00e3o aderir \u00e0 onda. A bandeira, \u00f3bvia, ser\u00e1 a Opera\u00e7\u00e3o Lava-Jato, que os tradicionais caciques da pol\u00edtica querem enterrar para se livrarem da pris\u00e3o.<\/p>\n<p>&nbsp;<\/p>\n<p>O pr\u00f3prio presidente da Rep\u00fablica, Michel Temer, ressaltou, por diversas vezes, em rodas de pol\u00edticos, que hoje n\u00e3o h\u00e1 nenhum nome forte para disputar a Presid\u00eancia da Rep\u00fablica no ano que vem. Ele n\u00e3o descarta o surgimento de uma for\u00e7a jovem, desvinculada da imagem de pol\u00edticos que tanto o eleitorado repudia.<\/p>\n<p>&nbsp;<\/p>\n<p><strong>Jovens e bem-sucedidos<\/strong><\/p>\n<p>&nbsp;<\/p>\n<p>Tamb\u00e9m est\u00e1 sendo observado um grupo de jovens bem formados e bem empregados se movimentando nas redes sociais a fim de se candidatarem em 2018. Eles t\u00eam se posicionado firmemente sobre temas com grande apelo popular, como o combate \u00e0 corrup\u00e7\u00e3o e a efici\u00eancia dos gastos p\u00fablicos.<\/p>\n<p>&nbsp;<\/p>\n<p>Esse movimento, identificou o Planalto, \u00e9 forte e irrevers\u00edvel. H\u00e1 uma ansiedade da popula\u00e7\u00e3o pelo novo. O grande temor \u00e9 que surjam aventureiros, como Fernando Collor de Mello em 1989. Mas ser\u00e1 dif\u00edcil sustentar um discurso vazio com as redes sociais t\u00e3o ativas.<\/p>\n<p>&nbsp;<\/p>\n<p>O governo acredita que 2018 poder\u00e1 ser o in\u00edcio de um verdadeiro movimento de renova\u00e7\u00e3o na pol\u00edtica, sobretudo no Congresso. L\u00edderes de partidos que hoje d\u00e3o as cartas na pol\u00edtica tendem a ser varridos do mapa. Tomara seja verdade.<\/p>\n<p>&nbsp;<\/p>\n<p>A suruba pol\u00edtica cantada em verso e prosa pelo senador Romero Juc\u00e1 (PMDB-RR), que tanto envergonha o pa\u00eds, deve ser substitu\u00edda por uma festa de sal\u00e3o menos perversa para a sociedade.<\/p>\n<p>&nbsp;<\/p>\n<p><em>Bras\u00edlia, 12h01min<\/em><\/p>\n","protected":false},"excerpt":{"rendered":"<p>Sem grandes lideran\u00e7a tradicionais com capacidade para aglutinar votos dos eleitores, uma nova leva de pol\u00edticos est\u00e1 surgindo. O governo j\u00e1 identificou pelo menos 20 procuradores da Rep\u00fablica que est\u00e3o dispostos a enfrentar as urnas para os mais diversos cargos em 2018. A prefer\u00eancia, no entanto, \u00e9 para deputado federal. &nbsp; Na avalia\u00e7\u00e3o de integrantes [&hellip;]<\/p>\n","protected":false},"author":22,"featured_media":0,"comment_status":"open","ping_status":"closed","sticky":false,"template":"","format":"standard","meta":{"footnotes":""},"categories":[600],"tags":[1921,111,1922,1923,1920],"class_list":["post-4250","post","type-post","status-publish","format-standard","hentry","category-economia","tag-candidatos-em-2018","tag-michel-temer","tag-politicos-tradicionais","tag-populacao-quer-mudancas","tag-procuradores-da-republica"],"_links":{"self":[{"href":"https:\/\/blogs.correiobraziliense.com.br\/vicente\/wp-json\/wp\/v2\/posts\/4250","targetHints":{"allow":["GET"]}}],"collection":[{"href":"https:\/\/blogs.correiobraziliense.com.br\/vicente\/wp-json\/wp\/v2\/posts"}],"about":[{"href":"https:\/\/blogs.correiobraziliense.com.br\/vicente\/wp-json\/wp\/v2\/types\/post"}],"author":[{"embeddable":true,"href":"https:\/\/blogs.correiobraziliense.com.br\/vicente\/wp-json\/wp\/v2\/users\/22"}],"replies":[{"embeddable":true,"href":"https:\/\/blogs.correiobraziliense.com.br\/vicente\/wp-json\/wp\/v2\/comments?post=4250"}],"version-history":[{"count":1,"href":"https:\/\/blogs.correiobraziliense.com.br\/vicente\/wp-json\/wp\/v2\/posts\/4250\/revisions"}],"predecessor-version":[{"id":4251,"href":"https:\/\/blogs.correiobraziliense.com.br\/vicente\/wp-json\/wp\/v2\/posts\/4250\/revisions\/4251"}],"wp:attachment":[{"href":"https:\/\/blogs.correiobraziliense.com.br\/vicente\/wp-json\/wp\/v2\/media?parent=4250"}],"wp:term":[{"taxonomy":"category","embeddable":true,"href":"https:\/\/blogs.correiobraziliense.com.br\/vicente\/wp-json\/wp\/v2\/categories?post=4250"},{"taxonomy":"post_tag","embeddable":true,"href":"https:\/\/blogs.correiobraziliense.com.br\/vicente\/wp-json\/wp\/v2\/tags?post=4250"}],"curies":[{"name":"wp","href":"https:\/\/api.w.org\/{rel}","templated":true}]}}