{"id":4248,"date":"2017-02-22T09:45:05","date_gmt":"2017-02-22T12:45:05","guid":{"rendered":"https:\/\/blogs.correiobraziliense.com.br\/vicente\/?p=4248"},"modified":"2017-02-22T10:42:34","modified_gmt":"2017-02-22T13:42:34","slug":"previa-de-inflacao-de-fevereiro-nao-impede-corte-maior-dos-juros","status":"publish","type":"post","link":"https:\/\/blogs.correiobraziliense.com.br\/vicente\/previa-de-inflacao-de-fevereiro-nao-impede-corte-maior-dos-juros\/","title":{"rendered":"Pr\u00e9via da infla\u00e7\u00e3o de fevereiro n\u00e3o impede corte maior dos juros"},"content":{"rendered":"<h2>Apesar de a pr\u00e9via da infla\u00e7\u00e3o oficial de fevereiro, medida pelo IPCA-15, de 0,54%, ter ficado acima da previs\u00e3o do mercado (0,51%), parte dos economistas continua acreditando que h\u00e1 uma ampla avenida para o Banco Central acelerar, hoje, o corte na taxa b\u00e1sica de juros (Selic) de 0,75 para um ponto percentual.<\/h2>\n<p>&nbsp;<\/p>\n<p>Os economistas dizem que a infla\u00e7\u00e3o est\u00e1 concentrada em dois grupos, educa\u00e7\u00e3o e transportes, que responderam por 68,5% do IPCA-15. O grupo educa\u00e7\u00e3o teve alta m\u00e9dia de 5,17% e o de transportes, de 0,66%, contribuindo com 0,37 ponto percentual da infla\u00e7\u00e3o.<\/p>\n<p>&nbsp;<\/p>\n<p>Os especialistas ressaltam ainda que os pre\u00e7os m\u00e9dios dos servi\u00e7os, sempre apontados pelo BC como forte entrave para uma queda mais r\u00e1pida dos juros, avan\u00e7aram, pelo IPCA-15 de fevereiro, 1%, bem abaixo da m\u00e9dia de 1,47% observada nos \u00faltimos 10 anos.<\/p>\n<p>&nbsp;<\/p>\n<p><strong>Dissemina\u00e7\u00e3o menor<\/strong><\/p>\n<p>&nbsp;<\/p>\n<p>E mais: o \u00edndice de difus\u00e3o, que mede a quantidade de produtos e servi\u00e7os listados pelo Instituto Brasileiro de Geografia e Estat\u00edstica (IBGE), tamb\u00e9m desabou, cravando 57,5%. Para o BC, um \u00edndice de difus\u00e3o confort\u00e1vel tem que ficar abaixo de 60%. Portanto, n\u00e3o h\u00e1 muito com o que se preocupar com o IPCA-15 de fevereiro. As press\u00f5es vieram se onde se esperava.<\/p>\n<p>&nbsp;<\/p>\n<p>Tudo indica que a infla\u00e7\u00e3o deste ano e a de 2018 ficar\u00e3o abaixo de centro da meta definida pelo Conselho Monet\u00e1rio Nacional (CMN), de 4,5%. A aposta majorit\u00e1ria do mercado \u00e9 de que o Comit\u00ea de Pol\u00edtica Monet\u00e1ria (Copom) corte a Selic hoje em 0,75 ponto percentual, para 12,25% ao ano. Para o Pal\u00e1cio do Planalto, seria muito bom se a queda fosse de um ponto, para 12%.<\/p>\n<p>&nbsp;<\/p>\n<p>Em comunicados recentes, o BC disse que o ritmo dos cortes de juros ser\u00e1 de 0,75 ponto por reuni\u00e3o. Mas a institui\u00e7\u00e3o tem sido surpreendida, m\u00eas a m\u00eas, por indicadores melhores de infla\u00e7\u00e3o. Al\u00e9m disso, o n\u00edvel de atividade est\u00e1 no ch\u00e3o, o que afasta qualquer risco de a demanda facilitar reajustes de pre\u00e7os.<\/p>\n<p>&nbsp;<\/p>\n<p>A Selic deve fechar o ano abaixo de 10%. As apostas v\u00e3o de 9,25% a 9,75%.<\/p>\n<p>&nbsp;<\/p>\n<p><em>Bras\u00edlia, 09h45min\u00a0<\/em><\/p>\n","protected":false},"excerpt":{"rendered":"<p>Apesar de a pr\u00e9via da infla\u00e7\u00e3o oficial de fevereiro, medida pelo IPCA-15, de 0,54%, ter ficado acima da previs\u00e3o do mercado (0,51%), parte dos economistas continua acreditando que h\u00e1 uma ampla avenida para o Banco Central acelerar, hoje, o corte na taxa b\u00e1sica de juros (Selic) de 0,75 para um ponto percentual. &nbsp; Os economistas [&hellip;]<\/p>\n","protected":false},"author":22,"featured_media":0,"comment_status":"open","ping_status":"closed","sticky":false,"template":"","format":"standard","meta":{"footnotes":""},"categories":[600],"tags":[1919,3,1918,1917,1916,1884,1567],"class_list":["post-4248","post","type-post","status-publish","format-standard","hentry","category-economia","tag-75-ponto","tag-banco-central","tag-corte-de-um-ponto-percentual","tag-fevereiro","tag-ipca-15","tag-queda-dos-juros","tag-reducao-de-0"],"_links":{"self":[{"href":"https:\/\/blogs.correiobraziliense.com.br\/vicente\/wp-json\/wp\/v2\/posts\/4248","targetHints":{"allow":["GET"]}}],"collection":[{"href":"https:\/\/blogs.correiobraziliense.com.br\/vicente\/wp-json\/wp\/v2\/posts"}],"about":[{"href":"https:\/\/blogs.correiobraziliense.com.br\/vicente\/wp-json\/wp\/v2\/types\/post"}],"author":[{"embeddable":true,"href":"https:\/\/blogs.correiobraziliense.com.br\/vicente\/wp-json\/wp\/v2\/users\/22"}],"replies":[{"embeddable":true,"href":"https:\/\/blogs.correiobraziliense.com.br\/vicente\/wp-json\/wp\/v2\/comments?post=4248"}],"version-history":[{"count":1,"href":"https:\/\/blogs.correiobraziliense.com.br\/vicente\/wp-json\/wp\/v2\/posts\/4248\/revisions"}],"predecessor-version":[{"id":4249,"href":"https:\/\/blogs.correiobraziliense.com.br\/vicente\/wp-json\/wp\/v2\/posts\/4248\/revisions\/4249"}],"wp:attachment":[{"href":"https:\/\/blogs.correiobraziliense.com.br\/vicente\/wp-json\/wp\/v2\/media?parent=4248"}],"wp:term":[{"taxonomy":"category","embeddable":true,"href":"https:\/\/blogs.correiobraziliense.com.br\/vicente\/wp-json\/wp\/v2\/categories?post=4248"},{"taxonomy":"post_tag","embeddable":true,"href":"https:\/\/blogs.correiobraziliense.com.br\/vicente\/wp-json\/wp\/v2\/tags?post=4248"}],"curies":[{"name":"wp","href":"https:\/\/api.w.org\/{rel}","templated":true}]}}