{"id":4238,"date":"2017-02-21T21:18:33","date_gmt":"2017-02-22T00:18:33","guid":{"rendered":"https:\/\/blogs.correiobraziliense.com.br\/vicente\/?p=4238"},"modified":"2017-02-22T00:46:05","modified_gmt":"2017-02-22T03:46:05","slug":"mansueto-almeida-de-reunira-com-jesner-sic-oliveira","status":"publish","type":"post","link":"https:\/\/blogs.correiobraziliense.com.br\/vicente\/mansueto-almeida-de-reunira-com-jesner-sic-oliveira\/","title":{"rendered":"Mansueto Almeida se reunir\u00e1 com Jesner (sic) Oliveira"},"content":{"rendered":"<p style=\"text-align: left\">ANTONIO TEM\u00d3TEO<\/p>\n<p>&nbsp;<\/p>\n<p>A agenda do secret\u00e1rio de Acompanhamento Econ\u00f4mico do Minist\u00e9rio da Fazenda, Mansueto Facundo de Almeida Junior, aponta um encontro com o s\u00f3cio da GO Associados e ex-presidente do Cade,\u00a0Jesner Oliveira, \u00e0s 14h de amanh\u00e3, na sede da pasta. Entretanto, o nome correto do visitante \u00e9 Gesner. A gafe \u00e9 mais uma daquelas que demonstra descuido bobo do minist\u00e9rio, que n\u00e3o se d\u00e3o ao trabalho de checar os nomes dos visitantes.<\/p>\n<p>&nbsp;<\/p>\n<p style=\"padding-left: 30px\"><a href=\"https:\/\/blogs.correiobraziliense.com.br\/vicente\/wp-content\/uploads\/sites\/16\/2017\/02\/IMG_4028.png\" rel=\"attachment wp-att-4241\"><img loading=\"lazy\" decoding=\"async\" class=\"alignnone size-medium wp-image-4241\" src=\"https:\/\/blogs.correiobraziliense.com.br\/vicente\/wp-content\/uploads\/sites\/16\/2017\/02\/IMG_4028-169x300.png\" alt=\"IMG_4028\" width=\"169\" height=\"300\" srcset=\"https:\/\/blogs.correiobraziliense.com.br\/vicente\/wp-content\/uploads\/sites\/16\/2017\/02\/IMG_4028-169x300.png 169w, https:\/\/blogs.correiobraziliense.com.br\/vicente\/wp-content\/uploads\/sites\/16\/2017\/02\/IMG_4028-768x1365.png 768w, https:\/\/blogs.correiobraziliense.com.br\/vicente\/wp-content\/uploads\/sites\/16\/2017\/02\/IMG_4028-576x1024.png 576w, https:\/\/blogs.correiobraziliense.com.br\/vicente\/wp-content\/uploads\/sites\/16\/2017\/02\/IMG_4028-197x350.png 197w, https:\/\/blogs.correiobraziliense.com.br\/vicente\/wp-content\/uploads\/sites\/16\/2017\/02\/IMG_4028-550x978.png 550w, https:\/\/blogs.correiobraziliense.com.br\/vicente\/wp-content\/uploads\/sites\/16\/2017\/02\/IMG_4028-230x409.png 230w, https:\/\/blogs.correiobraziliense.com.br\/vicente\/wp-content\/uploads\/sites\/16\/2017\/02\/IMG_4028.png 1242w\" sizes=\"auto, (max-width: 169px) 100vw, 169px\" \/><\/a><\/p>\n<p>&nbsp;<\/p>\n","protected":false},"excerpt":{"rendered":"<p>ANTONIO TEM\u00d3TEO &nbsp; A agenda do secret\u00e1rio de Acompanhamento Econ\u00f4mico do Minist\u00e9rio da Fazenda, Mansueto Facundo de Almeida Junior, aponta um encontro com o s\u00f3cio da GO Associados e ex-presidente do Cade,\u00a0Jesner Oliveira, \u00e0s 14h de amanh\u00e3, na sede da pasta. Entretanto, o nome correto do visitante \u00e9 Gesner. A gafe \u00e9 mais uma daquelas [&hellip;]<\/p>\n","protected":false},"author":22,"featured_media":0,"comment_status":"open","ping_status":"closed","sticky":false,"template":"","format":"standard","meta":{"footnotes":""},"categories":[600],"tags":[],"class_list":["post-4238","post","type-post","status-publish","format-standard","hentry","category-economia"],"_links":{"self":[{"href":"https:\/\/blogs.correiobraziliense.com.br\/vicente\/wp-json\/wp\/v2\/posts\/4238","targetHints":{"allow":["GET"]}}],"collection":[{"href":"https:\/\/blogs.correiobraziliense.com.br\/vicente\/wp-json\/wp\/v2\/posts"}],"about":[{"href":"https:\/\/blogs.correiobraziliense.com.br\/vicente\/wp-json\/wp\/v2\/types\/post"}],"author":[{"embeddable":true,"href":"https:\/\/blogs.correiobraziliense.com.br\/vicente\/wp-json\/wp\/v2\/users\/22"}],"replies":[{"embeddable":true,"href":"https:\/\/blogs.correiobraziliense.com.br\/vicente\/wp-json\/wp\/v2\/comments?post=4238"}],"version-history":[{"count":6,"href":"https:\/\/blogs.correiobraziliense.com.br\/vicente\/wp-json\/wp\/v2\/posts\/4238\/revisions"}],"predecessor-version":[{"id":4245,"href":"https:\/\/blogs.correiobraziliense.com.br\/vicente\/wp-json\/wp\/v2\/posts\/4238\/revisions\/4245"}],"wp:attachment":[{"href":"https:\/\/blogs.correiobraziliense.com.br\/vicente\/wp-json\/wp\/v2\/media?parent=4238"}],"wp:term":[{"taxonomy":"category","embeddable":true,"href":"https:\/\/blogs.correiobraziliense.com.br\/vicente\/wp-json\/wp\/v2\/categories?post=4238"},{"taxonomy":"post_tag","embeddable":true,"href":"https:\/\/blogs.correiobraziliense.com.br\/vicente\/wp-json\/wp\/v2\/tags?post=4238"}],"curies":[{"name":"wp","href":"https:\/\/api.w.org\/{rel}","templated":true}]}}