{"id":4220,"date":"2017-02-17T14:01:47","date_gmt":"2017-02-17T16:01:47","guid":{"rendered":"https:\/\/blogs.correiobraziliense.com.br\/vicente\/?p=4220"},"modified":"2017-02-17T15:51:33","modified_gmt":"2017-02-17T17:51:33","slug":"governo-estima-que-novo-limite-para-financiamento-da-casa-propria-pode-despejar-r-49-bi-na-economia","status":"publish","type":"post","link":"https:\/\/blogs.correiobraziliense.com.br\/vicente\/governo-estima-que-novo-limite-para-financiamento-da-casa-propria-pode-despejar-r-49-bi-na-economia\/","title":{"rendered":"Governo estima que novo limite para financiamento da casa pr\u00f3pria pode despejar R$ 4,9 bi na economia"},"content":{"rendered":"<p>O governo est\u00e1 contando cada real das medidas de incentivo ao consumo para medir qual o impacto na economia. A meta \u00e9 retirar o pa\u00eds o mais rapidamente poss\u00edvel da mais profunda recess\u00e3o da hist\u00f3ria.<\/p>\n<p>&nbsp;<\/p>\n<p>Segundo levantamento da Secretaria de Planejamento\u00a0 e Assuntos\u00a0 Econ\u00f4micos do Minist\u00e9rio do Planejamento (Seplan), a decis\u00e3o\u00a0 do Conselho Monet\u00e1rio Nacional (CMN) de alterar, R$ 950 mil para R$ 1,5 milh\u00e3o, o limite m\u00e1ximo do valor de avalia\u00e7\u00e3o dos im\u00f3veis no \u00e2mbito do Sistema Financeiro de Habita\u00e7\u00e3o (SFH) despejar\u00e1 R$ 4,9 bilh\u00f5es na economia em 2017.<\/p>\n<p>&nbsp;<\/p>\n<p>Com a mudan\u00e7a, os mutu\u00e1rios poder\u00e3o ter acesso \u00e0s taxas de juros mais baixas e ter\u00e3o a possibilidade de movimentar os recursos de suas contas vinculadas do Fundo de Garantia do Tempo de Servi\u00e7o (FGTS) para amortiza\u00e7\u00e3o do financiamento do im\u00f3vel, desde que observada a legisla\u00e7\u00e3o.<\/p>\n<p>&nbsp;<\/p>\n<p>A medida poder\u00e1 resultar em um acr\u00e9scimo anual de saque de contas vinculadas do FGTS na ordem de R$ 490 milh\u00f5es, o que possibilitar\u00e1 a comercializa\u00e7\u00e3o de 4 mil unidades, com impacto estimado de 0,07 ponto percentual no Produto Interno Bruto (PIB).<\/p>\n<p>&nbsp;<\/p>\n<p><em>Bras\u00edlia, 14h01min<\/em><\/p>\n","protected":false},"excerpt":{"rendered":"<p>O governo est\u00e1 contando cada real das medidas de incentivo ao consumo para medir qual o impacto na economia. A meta \u00e9 retirar o pa\u00eds o mais rapidamente poss\u00edvel da mais profunda recess\u00e3o da hist\u00f3ria. &nbsp; Segundo levantamento da Secretaria de Planejamento\u00a0 e Assuntos\u00a0 Econ\u00f4micos do Minist\u00e9rio do Planejamento (Seplan), a decis\u00e3o\u00a0 do Conselho Monet\u00e1rio [&hellip;]<\/p>\n","protected":false},"author":22,"featured_media":0,"comment_status":"open","ping_status":"closed","sticky":false,"template":"","format":"standard","meta":{"footnotes":""},"categories":[600],"tags":[1339,1903,1176,507,1902,1901,1127,1556],"class_list":["post-4220","post","type-post","status-publish","format-standard","hentry","category-economia","tag-5-milhao","tag-9-bilhoes-na-economia","tag-casa-propria","tag-fgts","tag-impacto-de-r-4","tag-novo-limite-de-financiamento","tag-r-1","tag-sistema-financeiro-de-habitacao"],"_links":{"self":[{"href":"https:\/\/blogs.correiobraziliense.com.br\/vicente\/wp-json\/wp\/v2\/posts\/4220","targetHints":{"allow":["GET"]}}],"collection":[{"href":"https:\/\/blogs.correiobraziliense.com.br\/vicente\/wp-json\/wp\/v2\/posts"}],"about":[{"href":"https:\/\/blogs.correiobraziliense.com.br\/vicente\/wp-json\/wp\/v2\/types\/post"}],"author":[{"embeddable":true,"href":"https:\/\/blogs.correiobraziliense.com.br\/vicente\/wp-json\/wp\/v2\/users\/22"}],"replies":[{"embeddable":true,"href":"https:\/\/blogs.correiobraziliense.com.br\/vicente\/wp-json\/wp\/v2\/comments?post=4220"}],"version-history":[{"count":1,"href":"https:\/\/blogs.correiobraziliense.com.br\/vicente\/wp-json\/wp\/v2\/posts\/4220\/revisions"}],"predecessor-version":[{"id":4221,"href":"https:\/\/blogs.correiobraziliense.com.br\/vicente\/wp-json\/wp\/v2\/posts\/4220\/revisions\/4221"}],"wp:attachment":[{"href":"https:\/\/blogs.correiobraziliense.com.br\/vicente\/wp-json\/wp\/v2\/media?parent=4220"}],"wp:term":[{"taxonomy":"category","embeddable":true,"href":"https:\/\/blogs.correiobraziliense.com.br\/vicente\/wp-json\/wp\/v2\/categories?post=4220"},{"taxonomy":"post_tag","embeddable":true,"href":"https:\/\/blogs.correiobraziliense.com.br\/vicente\/wp-json\/wp\/v2\/tags?post=4220"}],"curies":[{"name":"wp","href":"https:\/\/api.w.org\/{rel}","templated":true}]}}