{"id":4215,"date":"2017-02-17T10:15:15","date_gmt":"2017-02-17T12:15:15","guid":{"rendered":"https:\/\/blogs.correiobraziliense.com.br\/vicente\/?p=4215"},"modified":"2017-02-17T11:05:14","modified_gmt":"2017-02-17T13:05:14","slug":"esta-cada-vez-maior-pressao-por-queda-de-um-ponto-na-taxa-de-juros","status":"publish","type":"post","link":"https:\/\/blogs.correiobraziliense.com.br\/vicente\/esta-cada-vez-maior-pressao-por-queda-de-um-ponto-na-taxa-de-juros\/","title":{"rendered":"Est\u00e1 cada vez maior a press\u00e3o por queda de um ponto na taxa de juros"},"content":{"rendered":"<p>A tens\u00e3o pr\u00e9-reuni\u00e3o do Comit\u00ea de Pol\u00edtica Monet\u00e1ria (Copom) est\u00e1 a todo vapor. Dentro e fora do governo, economistas de v\u00e1rias linhagens est\u00e3o convencidos de que o Banco Central deve acelerar o processo de corte da taxa b\u00e1sica de juros (Selic), de 0,75 para um ponto percentual. Com isso, o indicador que serve de par\u00e2metro para a forma\u00e7\u00e3o do custo do dinheiro cairia de 13% para 12% ao ano.<\/p>\n<p>&nbsp;<\/p>\n<p>Os economistas est\u00e3o levantando uma s\u00e9rie de indicadores para justificar uma ousadia maior por parte do BC. \u00c9 o caso de Carlos Thadeu Filho, s\u00f3cio da consultoria MacroAgro. Segundo ele, desde a \u00faltima reuni\u00e3o do Copom, em 10 e 11 de janeiro, o d\u00f3lar caiu de R$ 3,25 para R$ 3,08. J\u00e1 as estimativas de infla\u00e7\u00e3o cederam de 4,80% para 4,47%.<\/p>\n<p>&nbsp;<\/p>\n<p>N\u00e3o \u00e9 s\u00f3, como ressaltam integrantes do governo. Os pre\u00e7os dos servi\u00e7os, os quais o BC sempre aponta como os mais resistentes e que mais contaminam a infla\u00e7\u00e3o futura, est\u00e3o nos n\u00edveis mais baixos desde 2002 para meses de janeiro: subiram apenas 0,36%.<\/p>\n<p>&nbsp;<\/p>\n<p>Quando descontados todos os fatores at\u00edpicos, resultando no que o BC chama de n\u00facleo, a infla\u00e7\u00e3o de servi\u00e7os acumulada em 12 meses cedeu de 9,40%, em outubro de 2015, para 5,74% em janeiro \u00faltimo. Ou seja, os argumentos da autoridade monet\u00e1ria para ir mais devagar no corte dos juros est\u00e3o se desmanchando.<\/p>\n<p>&nbsp;<\/p>\n<p>Dentro do governo, todos reconhecem a capacidade acad\u00eamica dos atuais diretores do BC comandados por Ilan Goldfajn, mas ressaltam que falta mais uma vis\u00e3o de mercado para equilibrar o jogo. Por isso, ressaltam assessores do Pal\u00e1cio do Planalto, ser\u00e1 preciso que os analistas privados ampliem o coro de que que o melhor a ser feito neste momento \u00e9 reduzir a Selic em um ponto, para 12% ano.<\/p>\n<p>&nbsp;<\/p>\n<p>O BC, segundo esses assessores palacianos, n\u00e3o pode carregar a pecha de que est\u00e1 segurando uma retomada mais forte da economia, depois de sete trimestres seguidos de recess\u00e3o.<\/p>\n<p>&nbsp;<\/p>\n<p><em>Bras\u00edlia, 10h15min<\/em><\/p>\n","protected":false},"excerpt":{"rendered":"<p>A tens\u00e3o pr\u00e9-reuni\u00e3o do Comit\u00ea de Pol\u00edtica Monet\u00e1ria (Copom) est\u00e1 a todo vapor. Dentro e fora do governo, economistas de v\u00e1rias linhagens est\u00e3o convencidos de que o Banco Central deve acelerar o processo de corte da taxa b\u00e1sica de juros (Selic), de 0,75 para um ponto percentual. Com isso, o indicador que serve de par\u00e2metro [&hellip;]<\/p>\n","protected":false},"author":22,"featured_media":0,"comment_status":"open","ping_status":"closed","sticky":false,"template":"","format":"standard","meta":{"footnotes":""},"categories":[600],"tags":[3,608,1900,99,14,4],"class_list":["post-4215","post","type-post","status-publish","format-standard","hentry","category-economia","tag-banco-central","tag-carlos-thadeu-filho","tag-comite-de-policia-monetaria","tag-copom","tag-inflacao","tag-juros"],"_links":{"self":[{"href":"https:\/\/blogs.correiobraziliense.com.br\/vicente\/wp-json\/wp\/v2\/posts\/4215","targetHints":{"allow":["GET"]}}],"collection":[{"href":"https:\/\/blogs.correiobraziliense.com.br\/vicente\/wp-json\/wp\/v2\/posts"}],"about":[{"href":"https:\/\/blogs.correiobraziliense.com.br\/vicente\/wp-json\/wp\/v2\/types\/post"}],"author":[{"embeddable":true,"href":"https:\/\/blogs.correiobraziliense.com.br\/vicente\/wp-json\/wp\/v2\/users\/22"}],"replies":[{"embeddable":true,"href":"https:\/\/blogs.correiobraziliense.com.br\/vicente\/wp-json\/wp\/v2\/comments?post=4215"}],"version-history":[{"count":1,"href":"https:\/\/blogs.correiobraziliense.com.br\/vicente\/wp-json\/wp\/v2\/posts\/4215\/revisions"}],"predecessor-version":[{"id":4216,"href":"https:\/\/blogs.correiobraziliense.com.br\/vicente\/wp-json\/wp\/v2\/posts\/4215\/revisions\/4216"}],"wp:attachment":[{"href":"https:\/\/blogs.correiobraziliense.com.br\/vicente\/wp-json\/wp\/v2\/media?parent=4215"}],"wp:term":[{"taxonomy":"category","embeddable":true,"href":"https:\/\/blogs.correiobraziliense.com.br\/vicente\/wp-json\/wp\/v2\/categories?post=4215"},{"taxonomy":"post_tag","embeddable":true,"href":"https:\/\/blogs.correiobraziliense.com.br\/vicente\/wp-json\/wp\/v2\/tags?post=4215"}],"curies":[{"name":"wp","href":"https:\/\/api.w.org\/{rel}","templated":true}]}}