{"id":4212,"date":"2017-02-17T10:01:29","date_gmt":"2017-02-17T12:01:29","guid":{"rendered":"https:\/\/blogs.correiobraziliense.com.br\/vicente\/?p=4212"},"modified":"2017-02-17T10:42:59","modified_gmt":"2017-02-17T12:42:59","slug":"algo-de-muito-estranho-em-licitacao-da-telebras-para-centros-de-operacoes-espaciais","status":"publish","type":"post","link":"https:\/\/blogs.correiobraziliense.com.br\/vicente\/algo-de-muito-estranho-em-licitacao-da-telebras-para-centros-de-operacoes-espaciais\/","title":{"rendered":"Algo de muito estranho em licita\u00e7\u00e3o da Telebras para centros de opera\u00e7\u00f5es espaciais"},"content":{"rendered":"<p>O Tribunal de Contas da Uni\u00e3o (TCU) acendeu o sinal de alerta em rela\u00e7\u00e3o \u00e0s licita\u00e7\u00f5es que v\u00eam sendo feitas pela Telebras para a constru\u00e7\u00e3o de centros\u00a0de opera\u00e7\u00f5es espaciais, que v\u00e3o operar sat\u00e9lites de defesa e comunica\u00e7\u00e3o do governo federal. O projeto total est\u00e1 avaliado em mais de R$ 2 bilh\u00f5es.<\/p>\n<p>&nbsp;<\/p>\n<p>Na primeira licita\u00e7\u00e3o, para a constru\u00e7\u00e3o da unidade de Brasilia, realizada na semana passada, fatos estranhos foram observados no processo que teve a empreiteira Paulo Octavio como vencedora. A unidade est\u00e1 or\u00e7ada em R$ 145 milh\u00f5es.<\/p>\n<p>&nbsp;<\/p>\n<p>A\u00a0fase de lances foi aberta de modo que quadro empresas fossem classificadas em ordem decrescente, sendo que a que apresentasse a proposta menos vantajosa come\u00e7aria a dar o lance. Na primeira rodada, nenhuma das tr\u00eas primeiras empresas cobriu a proposta de menor pre\u00e7o da \u00faltima. Naquele momento, obteve-se a proposta mais vantajosa do certame.<\/p>\n<p>&nbsp;<\/p>\n<p>O que chama a aten\u00e7\u00e3o dos t\u00e9cnicos do TCU \u00e9 que, em vez de declarar a proposta mais vantajosa vencedora, a pregoeira prosseguiu com os lances sem respeitar o intervalo m\u00ednimo de desconto de 0,5% estipulado no edital. Al\u00e9m disso, os licitantes davam descontos sobre os pr\u00f3prios pre\u00e7os e n\u00e3o sobre o pre\u00e7o mais vantajoso, ferindo a isonomia do certame e contrariando a Lei do Regime Diferenciado de Contrata\u00e7\u00e3o RDC).<\/p>\n<p>&nbsp;<\/p>\n<p>O valor final, de R$ 145 milh\u00f5es, apresentado pela Paulo Octavio, representou um des\u00e1gio de 11%. Todos os participantes da licita\u00e7\u00e3o consideram esse valor inexequ\u00edvel. Teme-se que essa diferen\u00e7a seja coberta por seguidos aditivos no contrato.<\/p>\n<p>&nbsp;<\/p>\n<p>Hoje, a Telebras faz a licita\u00e7\u00e3o para o centro de opera\u00e7\u00f5es espaciais do Rio de Janeiro. A apreens\u00e3o do TCU \u00e9 grande.<\/p>\n<p>&nbsp;<\/p>\n<p><em>Bras\u00edlia, 10h01min<\/em><\/p>\n<p>&nbsp;<\/p>\n","protected":false},"excerpt":{"rendered":"<p>O Tribunal de Contas da Uni\u00e3o (TCU) acendeu o sinal de alerta em rela\u00e7\u00e3o \u00e0s licita\u00e7\u00f5es que v\u00eam sendo feitas pela Telebras para a constru\u00e7\u00e3o de centros\u00a0de opera\u00e7\u00f5es espaciais, que v\u00e3o operar sat\u00e9lites de defesa e comunica\u00e7\u00e3o do governo federal. O projeto total est\u00e1 avaliado em mais de R$ 2 bilh\u00f5es. &nbsp; Na primeira licita\u00e7\u00e3o, [&hellip;]<\/p>\n","protected":false},"author":22,"featured_media":0,"comment_status":"open","ping_status":"closed","sticky":false,"template":"","format":"standard","meta":{"footnotes":""},"categories":[600],"tags":[1896,1898,1899,1364,1895,1897],"class_list":["post-4212","post","type-post","status-publish","format-standard","hentry","category-economia","tag-centro-de-operacoes-espaciais","tag-paulo-octavio","tag-r-145-milhoes","tag-r-2-bilhoes","tag-telebras","tag-tribunal-de-contas-da-uniao-tcu"],"_links":{"self":[{"href":"https:\/\/blogs.correiobraziliense.com.br\/vicente\/wp-json\/wp\/v2\/posts\/4212","targetHints":{"allow":["GET"]}}],"collection":[{"href":"https:\/\/blogs.correiobraziliense.com.br\/vicente\/wp-json\/wp\/v2\/posts"}],"about":[{"href":"https:\/\/blogs.correiobraziliense.com.br\/vicente\/wp-json\/wp\/v2\/types\/post"}],"author":[{"embeddable":true,"href":"https:\/\/blogs.correiobraziliense.com.br\/vicente\/wp-json\/wp\/v2\/users\/22"}],"replies":[{"embeddable":true,"href":"https:\/\/blogs.correiobraziliense.com.br\/vicente\/wp-json\/wp\/v2\/comments?post=4212"}],"version-history":[{"count":2,"href":"https:\/\/blogs.correiobraziliense.com.br\/vicente\/wp-json\/wp\/v2\/posts\/4212\/revisions"}],"predecessor-version":[{"id":4214,"href":"https:\/\/blogs.correiobraziliense.com.br\/vicente\/wp-json\/wp\/v2\/posts\/4212\/revisions\/4214"}],"wp:attachment":[{"href":"https:\/\/blogs.correiobraziliense.com.br\/vicente\/wp-json\/wp\/v2\/media?parent=4212"}],"wp:term":[{"taxonomy":"category","embeddable":true,"href":"https:\/\/blogs.correiobraziliense.com.br\/vicente\/wp-json\/wp\/v2\/categories?post=4212"},{"taxonomy":"post_tag","embeddable":true,"href":"https:\/\/blogs.correiobraziliense.com.br\/vicente\/wp-json\/wp\/v2\/tags?post=4212"}],"curies":[{"name":"wp","href":"https:\/\/api.w.org\/{rel}","templated":true}]}}