{"id":4205,"date":"2017-02-16T15:15:21","date_gmt":"2017-02-16T17:15:21","guid":{"rendered":"https:\/\/blogs.correiobraziliense.com.br\/vicente\/?p=4205"},"modified":"2017-02-16T15:59:26","modified_gmt":"2017-02-16T17:59:26","slug":"com-queda-no-lucro-banco-do-brasil-perde-lideranca-e-ultrapassado-pelo-itau-unibanco","status":"publish","type":"post","link":"https:\/\/blogs.correiobraziliense.com.br\/vicente\/com-queda-no-lucro-banco-do-brasil-perde-lideranca-e-ultrapassado-pelo-itau-unibanco\/","title":{"rendered":"Com queda no lucro, Banco do Brasil perde a lideran\u00e7a. \u00c9 ultrapassado pelo Ita\u00fa Unibanco"},"content":{"rendered":"<p>HAMILTON FERRARI<\/p>\n<p>&nbsp;<\/p>\n<p>O processo de ajuste pela qual vem passando o Banco do Brasil custou \u00e0 institui\u00e7\u00e3o a perda da lideran\u00e7a do mercado banc\u00e1rio do pa\u00eds. Foi, novamente, ultrapassado pelo Ita\u00fa Unibanco.<\/p>\n<p>&nbsp;<\/p>\n<p>O ranking \u00e9 medido pelo total de ativos administrados pelas institui\u00e7\u00f5es. Os ativos do Ita\u00fa Unibanco fecharam 2016 totalizando R$ 1,425 trilh\u00e3o e os dos BB, R$ 1,401 trilh\u00e3o.<\/p>\n<p>&nbsp;<\/p>\n<p>A primeira vez que o Ita\u00fa assumiu a lideran\u00e7a do mercado banc\u00e1rio brasileiro foi no fim de 2008, quando houve a fus\u00e3o com o Unibanco. \u00c0 \u00e9poca, o ent\u00e3o ministro da Fazenda, Guido Mantega, disse que a perda da lideran\u00e7a pelo BB era quest\u00e3o de tempo.<\/p>\n<p>&nbsp;<\/p>\n<p>Com o estouro da crise mundial, a retra\u00e7\u00e3o dos bancos privados e a determina\u00e7\u00e3o do governo para que as institui\u00e7\u00f5es p\u00fablicas liberassem cr\u00e9dito, o BB recuperou o t\u00edtulo de maior institui\u00e7\u00e3o financeira do pa\u00eds.<\/p>\n<p>&nbsp;<\/p>\n<p>Agora, dizem especialistas, a guerra ser\u00e1 feroz. N\u00e3o ser\u00e1 f\u00e1cil para o BB reassumir a lideran\u00e7a, dado o arrocho ao qual est\u00e1 sendo submetido. Em 2016, o lucro ajustado do BB foi de R$ 7,1 bilh\u00f5es, com queda de 38,2%.<\/p>\n<p>&nbsp;<\/p>\n<p><em>Bras\u00edlia, 15h15min<\/em><\/p>\n","protected":false},"excerpt":{"rendered":"<p>HAMILTON FERRARI &nbsp; O processo de ajuste pela qual vem passando o Banco do Brasil custou \u00e0 institui\u00e7\u00e3o a perda da lideran\u00e7a do mercado banc\u00e1rio do pa\u00eds. Foi, novamente, ultrapassado pelo Ita\u00fa Unibanco. &nbsp; O ranking \u00e9 medido pelo total de ativos administrados pelas institui\u00e7\u00f5es. Os ativos do Ita\u00fa Unibanco fecharam 2016 totalizando R$ 1,425 [&hellip;]<\/p>\n","protected":false},"author":22,"featured_media":0,"comment_status":"open","ping_status":"closed","sticky":false,"template":"","format":"standard","meta":{"footnotes":""},"categories":[600],"tags":[229,1212,1892,1893],"class_list":["post-4205","post","type-post","status-publish","format-standard","hentry","category-economia","tag-banco-do-brasil","tag-itau-unibanco","tag-perda-da-lideranca","tag-total-de-ativos"],"_links":{"self":[{"href":"https:\/\/blogs.correiobraziliense.com.br\/vicente\/wp-json\/wp\/v2\/posts\/4205","targetHints":{"allow":["GET"]}}],"collection":[{"href":"https:\/\/blogs.correiobraziliense.com.br\/vicente\/wp-json\/wp\/v2\/posts"}],"about":[{"href":"https:\/\/blogs.correiobraziliense.com.br\/vicente\/wp-json\/wp\/v2\/types\/post"}],"author":[{"embeddable":true,"href":"https:\/\/blogs.correiobraziliense.com.br\/vicente\/wp-json\/wp\/v2\/users\/22"}],"replies":[{"embeddable":true,"href":"https:\/\/blogs.correiobraziliense.com.br\/vicente\/wp-json\/wp\/v2\/comments?post=4205"}],"version-history":[{"count":3,"href":"https:\/\/blogs.correiobraziliense.com.br\/vicente\/wp-json\/wp\/v2\/posts\/4205\/revisions"}],"predecessor-version":[{"id":4208,"href":"https:\/\/blogs.correiobraziliense.com.br\/vicente\/wp-json\/wp\/v2\/posts\/4205\/revisions\/4208"}],"wp:attachment":[{"href":"https:\/\/blogs.correiobraziliense.com.br\/vicente\/wp-json\/wp\/v2\/media?parent=4205"}],"wp:term":[{"taxonomy":"category","embeddable":true,"href":"https:\/\/blogs.correiobraziliense.com.br\/vicente\/wp-json\/wp\/v2\/categories?post=4205"},{"taxonomy":"post_tag","embeddable":true,"href":"https:\/\/blogs.correiobraziliense.com.br\/vicente\/wp-json\/wp\/v2\/tags?post=4205"}],"curies":[{"name":"wp","href":"https:\/\/api.w.org\/{rel}","templated":true}]}}