{"id":4203,"date":"2017-02-16T15:01:32","date_gmt":"2017-02-16T17:01:32","guid":{"rendered":"https:\/\/blogs.correiobraziliense.com.br\/vicente\/?p=4203"},"modified":"2017-02-16T15:40:42","modified_gmt":"2017-02-16T17:40:42","slug":"problemas-no-siafi-sao-culpa-do-serpro-dizem-servidores","status":"publish","type":"post","link":"https:\/\/blogs.correiobraziliense.com.br\/vicente\/problemas-no-siafi-sao-culpa-do-serpro-dizem-servidores\/","title":{"rendered":"Problemas no Siafi s\u00e3o culpa do Serpro, dizem servidores"},"content":{"rendered":"<p>A falta de estrutura do Serpro \u00e9 a respons\u00e1vel pela interrup\u00e7\u00e3o do Siafi, sistema financeiro do governo federal. Desde a \u00faltima segunda-feira, quase a totalidade dos pagamentos que deveriam ter sido realizados foi suspensa devido a falhas operacionais.<\/p>\n<p>&nbsp;<\/p>\n<p>Hoje, apesar de o Siafi ter voltado a operar parcialmente, a internet provida pelo Serpro n\u00e3o est\u00e1 funcionando em quase toda a Esplanada dos Minist\u00e9rios. Muitos criticam o sucateamento do Serpro, que foi loteado politicamente.<\/p>\n<p>&nbsp;<\/p>\n<p><em>Bras\u00edlia, 15h01min<\/em><\/p>\n","protected":false},"excerpt":{"rendered":"<p>A falta de estrutura do Serpro \u00e9 a respons\u00e1vel pela interrup\u00e7\u00e3o do Siafi, sistema financeiro do governo federal. Desde a \u00faltima segunda-feira, quase a totalidade dos pagamentos que deveriam ter sido realizados foi suspensa devido a falhas operacionais. &nbsp; Hoje, apesar de o Siafi ter voltado a operar parcialmente, a internet provida pelo Serpro n\u00e3o [&hellip;]<\/p>\n","protected":false},"author":22,"featured_media":0,"comment_status":"open","ping_status":"closed","sticky":false,"template":"","format":"standard","meta":{"footnotes":""},"categories":[600],"tags":[1891,114,1889,1888,1890,550],"class_list":["post-4203","post","type-post","status-publish","format-standard","hentry","category-economia","tag-falta-de-pagamento","tag-serpro","tag-siafi","tag-sistema-fora-do-ar","tag-sucateamentos","tag-uso-politico"],"_links":{"self":[{"href":"https:\/\/blogs.correiobraziliense.com.br\/vicente\/wp-json\/wp\/v2\/posts\/4203","targetHints":{"allow":["GET"]}}],"collection":[{"href":"https:\/\/blogs.correiobraziliense.com.br\/vicente\/wp-json\/wp\/v2\/posts"}],"about":[{"href":"https:\/\/blogs.correiobraziliense.com.br\/vicente\/wp-json\/wp\/v2\/types\/post"}],"author":[{"embeddable":true,"href":"https:\/\/blogs.correiobraziliense.com.br\/vicente\/wp-json\/wp\/v2\/users\/22"}],"replies":[{"embeddable":true,"href":"https:\/\/blogs.correiobraziliense.com.br\/vicente\/wp-json\/wp\/v2\/comments?post=4203"}],"version-history":[{"count":1,"href":"https:\/\/blogs.correiobraziliense.com.br\/vicente\/wp-json\/wp\/v2\/posts\/4203\/revisions"}],"predecessor-version":[{"id":4204,"href":"https:\/\/blogs.correiobraziliense.com.br\/vicente\/wp-json\/wp\/v2\/posts\/4203\/revisions\/4204"}],"wp:attachment":[{"href":"https:\/\/blogs.correiobraziliense.com.br\/vicente\/wp-json\/wp\/v2\/media?parent=4203"}],"wp:term":[{"taxonomy":"category","embeddable":true,"href":"https:\/\/blogs.correiobraziliense.com.br\/vicente\/wp-json\/wp\/v2\/categories?post=4203"},{"taxonomy":"post_tag","embeddable":true,"href":"https:\/\/blogs.correiobraziliense.com.br\/vicente\/wp-json\/wp\/v2\/tags?post=4203"}],"curies":[{"name":"wp","href":"https:\/\/api.w.org\/{rel}","templated":true}]}}