{"id":4198,"date":"2017-02-16T10:12:02","date_gmt":"2017-02-16T12:12:02","guid":{"rendered":"https:\/\/blogs.correiobraziliense.com.br\/vicente\/?p=4198"},"modified":"2017-02-16T10:12:02","modified_gmt":"2017-02-16T12:12:02","slug":"sistema-de-pagamento-do-tesouro-nacional-ficou-praticamente-parado-por-tres-dias","status":"publish","type":"post","link":"https:\/\/blogs.correiobraziliense.com.br\/vicente\/sistema-de-pagamento-do-tesouro-nacional-ficou-praticamente-parado-por-tres-dias\/","title":{"rendered":"Sistema de pagamento do Tesouro Nacional ficou praticamente parado por tr\u00eas dias"},"content":{"rendered":"<p>O Siafi, sistema usado pelo governo federal para registrar todas as suas transa\u00e7\u00f5es financeiras, ficou praticamente parado nos \u00faltimos dias.<\/p>\n<p>&nbsp;<\/p>\n<p>Nenhum pagamento foi feito na Esplanada dos Minist\u00e9rios, nem mesmo di\u00e1rias de viagens a servidores e ressarcimentos de ajuda de custos para aluguel.<\/p>\n<p>&nbsp;<\/p>\n<p>H\u00e1 muitos servidores desesperados, pois esperavam receber os ressarcimentos, no m\u00e1ximo, nesta semana.<\/p>\n<p>&nbsp;<\/p>\n<p>Questionado, o Tesouro Nacional n\u00e3o soube dizer o que ocorreu. Hoje, o Siafi, que usa a rede do Serpro, voltou a operar, mas lentamente.<\/p>\n<p>&nbsp;<\/p>\n<p>Para o resultado das contas p\u00fablicas, o atraso nos pagamentos \u00e9 \u00f3timo. Ajuda a melhorar os n\u00fameros mostrados aos investidores.<\/p>\n<p>&nbsp;<\/p>\n<p><em>Bras\u00edlia, 09h01min<\/em><\/p>\n","protected":false},"excerpt":{"rendered":"<p>O Siafi, sistema usado pelo governo federal para registrar todas as suas transa\u00e7\u00f5es financeiras, ficou praticamente parado nos \u00faltimos dias. &nbsp; Nenhum pagamento foi feito na Esplanada dos Minist\u00e9rios, nem mesmo di\u00e1rias de viagens a servidores e ressarcimentos de ajuda de custos para aluguel. &nbsp; H\u00e1 muitos servidores desesperados, pois esperavam receber os ressarcimentos, no [&hellip;]<\/p>\n","protected":false},"author":22,"featured_media":0,"comment_status":"open","ping_status":"closed","sticky":false,"template":"","format":"standard","meta":{"footnotes":""},"categories":[600],"tags":[1886,1887,121],"class_list":["post-4198","post","type-post","status-publish","format-standard","hentry","category-economia","tag-atraso-nos-pagamentos","tag-servidores-desesperados","tag-tesouro-nacional"],"_links":{"self":[{"href":"https:\/\/blogs.correiobraziliense.com.br\/vicente\/wp-json\/wp\/v2\/posts\/4198","targetHints":{"allow":["GET"]}}],"collection":[{"href":"https:\/\/blogs.correiobraziliense.com.br\/vicente\/wp-json\/wp\/v2\/posts"}],"about":[{"href":"https:\/\/blogs.correiobraziliense.com.br\/vicente\/wp-json\/wp\/v2\/types\/post"}],"author":[{"embeddable":true,"href":"https:\/\/blogs.correiobraziliense.com.br\/vicente\/wp-json\/wp\/v2\/users\/22"}],"replies":[{"embeddable":true,"href":"https:\/\/blogs.correiobraziliense.com.br\/vicente\/wp-json\/wp\/v2\/comments?post=4198"}],"version-history":[{"count":1,"href":"https:\/\/blogs.correiobraziliense.com.br\/vicente\/wp-json\/wp\/v2\/posts\/4198\/revisions"}],"predecessor-version":[{"id":4199,"href":"https:\/\/blogs.correiobraziliense.com.br\/vicente\/wp-json\/wp\/v2\/posts\/4198\/revisions\/4199"}],"wp:attachment":[{"href":"https:\/\/blogs.correiobraziliense.com.br\/vicente\/wp-json\/wp\/v2\/media?parent=4198"}],"wp:term":[{"taxonomy":"category","embeddable":true,"href":"https:\/\/blogs.correiobraziliense.com.br\/vicente\/wp-json\/wp\/v2\/categories?post=4198"},{"taxonomy":"post_tag","embeddable":true,"href":"https:\/\/blogs.correiobraziliense.com.br\/vicente\/wp-json\/wp\/v2\/tags?post=4198"}],"curies":[{"name":"wp","href":"https:\/\/api.w.org\/{rel}","templated":true}]}}