{"id":4193,"date":"2017-02-15T17:57:21","date_gmt":"2017-02-15T19:57:21","guid":{"rendered":"https:\/\/blogs.correiobraziliense.com.br\/vicente\/?p=4193"},"modified":"2017-02-15T17:57:49","modified_gmt":"2017-02-15T19:57:49","slug":"defesa-de-joesley-batista-e-carlos-gru","status":"publish","type":"post","link":"https:\/\/blogs.correiobraziliense.com.br\/vicente\/defesa-de-joesley-batista-e-carlos-gru\/","title":{"rendered":"Defesas de Joesley Batista e de Carlos Grubisich apresentam contrarraz\u00f5es \u00e0 Justi\u00e7a"},"content":{"rendered":"<p class=\"p1\">POR ANTONIO TEM\u00d3TEO<\/p>\n<p class=\"p1\">As defesas do presidente da J&amp;F, Joesley Batista, e do presidente da Eldorado, Jos\u00e9 Carlos Grubisich Filho, apresentaram nesta tarde as contraraz\u00f5es ao pedido do Minist\u00e9rio P\u00fablico Federal (MPF) para suspender o acordo firmado entre as partes na Opera\u00e7\u00e3o Greenfield.<\/p>\n<p class=\"p1\">O advogado de Batista, o ex-ministro do Supremo Tribunal Federal (STF) Sepulveda Pertence, o e defensor de Grubisich, Alberto Toron, se reuniram com o juiz Vallisney de Souza Oliveira, da 10\u00aa Vara Federal do Distrito Federal. Os dois afirmaram que est\u00e3o confiantes em uma decis\u00e3o favor\u00e1vel aos clientes. O magistrado deve tomar uma decis\u00e3o at\u00e9 a pr\u00f3xima segunda-feira.<\/p>\n<p class=\"p1\">Os dois executivos s\u00e3o acusados pelo procurador Anselmo Henrique Cordeiro Lopes de violar deveres de \u201cboa f\u00e9\u201d ao, supostamente, tentar ludibriar os investigadores. Na peti\u00e7\u00e3o enviada \u00e0 Justi\u00e7a, ele diz que houve pr\u00e1tica de atos il\u00edcitos por parte de Joesley e Jos\u00e9 Carlos para esconder irregularidades cometidas \u00e0 frente da Eldorado.<\/p>\n<p class=\"p1\">Lopes solicitou o bloqueio das a\u00e7\u00f5es pertencentes a Joesley na J&amp;F, o bloqueio de recursos dos dois no valor de R$ 1,75 bilh\u00e3o e a suspens\u00e3o do exerc\u00edcio de qualquer cargo e fun\u00e7\u00e3o de dire\u00e7\u00e3o em empresas da holding. Al\u00e9m disso, o procurador pediu \u00e0 Justi\u00e7a que os executivos n\u00e3o se ausentem das cidades em que residem sem autoriza\u00e7\u00e3o judicial, a apreens\u00e3o dos passaportes e o afastamento de toda a diretoria da Eldorado.<\/p>\n<p class=\"p1\">Conforme o membro do MPF, elementos apresentados pelo diretor da Funcef, Max Pantoja, conselheiro do fundo de pens\u00e3o na Eldorado, demonstram pr\u00e1ticas il\u00edcitas na companhia. Para o procurador, os executivos violaram o acordo firmado quando contrataram o escrit\u00f3rio Veirano Advogados e da Ernst &amp; Young para auditar a Elodorado. Conforme ele, a medida n\u00e3o teve por finalidade realizar uma apura\u00e7\u00e3o independente quanto aos il\u00edcitos envolvendo a empresa no FIP Florestal.<\/p>\n<p class=\"p1\">A J&amp;F classifica as den\u00fancias como &#8220;estapaf\u00fardias&#8221; e nega qualquer irregularidade na contrata\u00e7\u00e3o das empresas para realiza\u00e7\u00e3o da auditoria interna.<\/p>\n","protected":false},"excerpt":{"rendered":"<p>POR ANTONIO TEM\u00d3TEO As defesas do presidente da J&amp;F, Joesley Batista, e do presidente da Eldorado, Jos\u00e9 Carlos Grubisich Filho, apresentaram nesta tarde as contraraz\u00f5es ao pedido do Minist\u00e9rio P\u00fablico Federal (MPF) para suspender o acordo firmado entre as partes na Opera\u00e7\u00e3o Greenfield. O advogado de Batista, o ex-ministro do Supremo Tribunal Federal (STF) Sepulveda [&hellip;]<\/p>\n","protected":false},"author":22,"featured_media":0,"comment_status":"open","ping_status":"closed","sticky":false,"template":"","format":"standard","meta":{"footnotes":""},"categories":[600],"tags":[1814,1187,558,1883],"class_list":["post-4193","post","type-post","status-publish","format-standard","hentry","category-economia","tag-eldorado","tag-jf","tag-joesley-batista","tag-jose-carlos-grubisich-filho"],"_links":{"self":[{"href":"https:\/\/blogs.correiobraziliense.com.br\/vicente\/wp-json\/wp\/v2\/posts\/4193","targetHints":{"allow":["GET"]}}],"collection":[{"href":"https:\/\/blogs.correiobraziliense.com.br\/vicente\/wp-json\/wp\/v2\/posts"}],"about":[{"href":"https:\/\/blogs.correiobraziliense.com.br\/vicente\/wp-json\/wp\/v2\/types\/post"}],"author":[{"embeddable":true,"href":"https:\/\/blogs.correiobraziliense.com.br\/vicente\/wp-json\/wp\/v2\/users\/22"}],"replies":[{"embeddable":true,"href":"https:\/\/blogs.correiobraziliense.com.br\/vicente\/wp-json\/wp\/v2\/comments?post=4193"}],"version-history":[{"count":2,"href":"https:\/\/blogs.correiobraziliense.com.br\/vicente\/wp-json\/wp\/v2\/posts\/4193\/revisions"}],"predecessor-version":[{"id":4195,"href":"https:\/\/blogs.correiobraziliense.com.br\/vicente\/wp-json\/wp\/v2\/posts\/4193\/revisions\/4195"}],"wp:attachment":[{"href":"https:\/\/blogs.correiobraziliense.com.br\/vicente\/wp-json\/wp\/v2\/media?parent=4193"}],"wp:term":[{"taxonomy":"category","embeddable":true,"href":"https:\/\/blogs.correiobraziliense.com.br\/vicente\/wp-json\/wp\/v2\/categories?post=4193"},{"taxonomy":"post_tag","embeddable":true,"href":"https:\/\/blogs.correiobraziliense.com.br\/vicente\/wp-json\/wp\/v2\/tags?post=4193"}],"curies":[{"name":"wp","href":"https:\/\/api.w.org\/{rel}","templated":true}]}}