{"id":4175,"date":"2017-02-14T18:01:35","date_gmt":"2017-02-14T20:01:35","guid":{"rendered":"https:\/\/blogs.correiobraziliense.com.br\/vicente\/?p=4175"},"modified":"2017-02-14T18:26:56","modified_gmt":"2017-02-14T20:26:56","slug":"reforma-trabalhista-esta-caminho-assista-ao-economia-no-sofa-e-entenda-como-voce-pode-ser-afetado","status":"publish","type":"post","link":"https:\/\/blogs.correiobraziliense.com.br\/vicente\/reforma-trabalhista-esta-caminho-assista-ao-economia-no-sofa-e-entenda-como-voce-pode-ser-afetado\/","title":{"rendered":"A reforma trabalhista est\u00e1 a caminho. Assista ao Economia no Sof\u00e1 e entenda como voc\u00ea pode ser afetado"},"content":{"rendered":"<p>O programa Economia no Sof\u00e1 desta semana est\u00e1 no ar. Voc\u00ea poder\u00e1 entender um pouco mais sobre as propostas encaminhadas pelo governo ao Congresso para flexibilizar as leis que regem o mercado de trabalho.<\/p>\n<p>&nbsp;<\/p>\n<p>O presidente Michel Temer garante que a reforma trabalhista, assim como a da Previd\u00eancia Social, ser\u00e1 aprovada at\u00e9 junho deste ano. Como o processo de vota\u00e7\u00e3o \u00e9 mais f\u00e1cil, o otimismo do governo \u00e9 grande.<\/p>\n<p>&nbsp;<\/p>\n<p><a href=\"https:\/\/youtu.be\/g6nrpMyNDJA\">https:\/\/youtu.be\/g6nrpMyNDJA<\/a><\/p>\n<p>&nbsp;<\/p>\n<p>Voc\u00ea tamb\u00e9m saber\u00e1 quais s\u00e3o as regras para que pessoas com doen\u00e7as graves sejam liberadas do pagamento de impostos, inclusive para a compra de carro zero.<\/p>\n<p>&nbsp;<\/p>\n<p>Participam do programa os rep\u00f3rteres Antonio Tem\u00f3teo, Alessandra Azevedo e Marlla Sabino, todos do <strong>Correio Braziliense<\/strong>.<\/p>\n<p>&nbsp;<\/p>\n<p><em>Bras\u00edlia, 18h01min<\/em><\/p>\n","protected":false},"excerpt":{"rendered":"<p>O programa Economia no Sof\u00e1 desta semana est\u00e1 no ar. Voc\u00ea poder\u00e1 entender um pouco mais sobre as propostas encaminhadas pelo governo ao Congresso para flexibilizar as leis que regem o mercado de trabalho. &nbsp; O presidente Michel Temer garante que a reforma trabalhista, assim como a da Previd\u00eancia Social, ser\u00e1 aprovada at\u00e9 junho deste [&hellip;]<\/p>\n","protected":false},"author":22,"featured_media":0,"comment_status":"open","ping_status":"closed","sticky":false,"template":"","format":"standard","meta":{"footnotes":""},"categories":[600],"tags":[1714,1043,959,965,936,1879],"class_list":["post-4175","post","type-post","status-publish","format-standard","hentry","category-economia","tag-alessandra-azevedo","tag-antonio-temoteo","tag-economia-no-sofa","tag-marlla-sabino","tag-reforma-trabalhista","tag-veja-como-a-reforma-afetara-sua-visa"],"_links":{"self":[{"href":"https:\/\/blogs.correiobraziliense.com.br\/vicente\/wp-json\/wp\/v2\/posts\/4175","targetHints":{"allow":["GET"]}}],"collection":[{"href":"https:\/\/blogs.correiobraziliense.com.br\/vicente\/wp-json\/wp\/v2\/posts"}],"about":[{"href":"https:\/\/blogs.correiobraziliense.com.br\/vicente\/wp-json\/wp\/v2\/types\/post"}],"author":[{"embeddable":true,"href":"https:\/\/blogs.correiobraziliense.com.br\/vicente\/wp-json\/wp\/v2\/users\/22"}],"replies":[{"embeddable":true,"href":"https:\/\/blogs.correiobraziliense.com.br\/vicente\/wp-json\/wp\/v2\/comments?post=4175"}],"version-history":[{"count":1,"href":"https:\/\/blogs.correiobraziliense.com.br\/vicente\/wp-json\/wp\/v2\/posts\/4175\/revisions"}],"predecessor-version":[{"id":4176,"href":"https:\/\/blogs.correiobraziliense.com.br\/vicente\/wp-json\/wp\/v2\/posts\/4175\/revisions\/4176"}],"wp:attachment":[{"href":"https:\/\/blogs.correiobraziliense.com.br\/vicente\/wp-json\/wp\/v2\/media?parent=4175"}],"wp:term":[{"taxonomy":"category","embeddable":true,"href":"https:\/\/blogs.correiobraziliense.com.br\/vicente\/wp-json\/wp\/v2\/categories?post=4175"},{"taxonomy":"post_tag","embeddable":true,"href":"https:\/\/blogs.correiobraziliense.com.br\/vicente\/wp-json\/wp\/v2\/tags?post=4175"}],"curies":[{"name":"wp","href":"https:\/\/api.w.org\/{rel}","templated":true}]}}