{"id":4171,"date":"2017-02-14T12:01:45","date_gmt":"2017-02-14T14:01:45","guid":{"rendered":"https:\/\/blogs.correiobraziliense.com.br\/vicente\/?p=4171"},"modified":"2017-02-14T12:17:37","modified_gmt":"2017-02-14T14:17:37","slug":"governadores-desembarcam-nesta-quarta-em-brasilia","status":"publish","type":"post","link":"https:\/\/blogs.correiobraziliense.com.br\/vicente\/governadores-desembarcam-nesta-quarta-em-brasilia\/","title":{"rendered":"Governadores desembarcam nesta quarta em Bras\u00edlia"},"content":{"rendered":"<p>ROSANA HESSEL<\/p>\n<p>&nbsp;<\/p>\n<p>Sob coordena\u00e7\u00e3o do governador do Distrito Federal, Rodrigo Rollemberg, governadores de v\u00e1rios estados desembarcam em Bras\u00edlia nesta quarta-feira, 15, para pressionar o governo federal a avan\u00e7ar no acordo de renegocia\u00e7\u00e3o de d\u00edvidas estaduais.<\/p>\n<p>&nbsp;<\/p>\n<p>A press\u00e3o vai se estender ao Congresso Nacional, que precisa votar mudan\u00e7as na Lei de Responsabilidade Fiscal (LRF), sobretudo para salvar o Rio de Janeiro da derrocada geral. O Supremo Tribunal Federal (STF) deu 30 dias para que o Legislativo d\u00ea aval ao apoio da Uni\u00e3o ao Rio.<\/p>\n<p>&nbsp;<\/p>\n<p><em>Bras\u00edlia, 12h01min<\/em><\/p>\n","protected":false},"excerpt":{"rendered":"<p>ROSANA HESSEL &nbsp; Sob coordena\u00e7\u00e3o do governador do Distrito Federal, Rodrigo Rollemberg, governadores de v\u00e1rios estados desembarcam em Bras\u00edlia nesta quarta-feira, 15, para pressionar o governo federal a avan\u00e7ar no acordo de renegocia\u00e7\u00e3o de d\u00edvidas estaduais. &nbsp; A press\u00e3o vai se estender ao Congresso Nacional, que precisa votar mudan\u00e7as na Lei de Responsabilidade Fiscal (LRF), [&hellip;]<\/p>\n","protected":false},"author":22,"featured_media":0,"comment_status":"open","ping_status":"closed","sticky":false,"template":"","format":"standard","meta":{"footnotes":""},"categories":[600],"tags":[1874,1172,39],"class_list":["post-4171","post","type-post","status-publish","format-standard","hentry","category-economia","tag-renegociacao-de-dividas-com-os-governadores","tag-rio-de-janeiro","tag-supremo-tribunal-federal"],"_links":{"self":[{"href":"https:\/\/blogs.correiobraziliense.com.br\/vicente\/wp-json\/wp\/v2\/posts\/4171","targetHints":{"allow":["GET"]}}],"collection":[{"href":"https:\/\/blogs.correiobraziliense.com.br\/vicente\/wp-json\/wp\/v2\/posts"}],"about":[{"href":"https:\/\/blogs.correiobraziliense.com.br\/vicente\/wp-json\/wp\/v2\/types\/post"}],"author":[{"embeddable":true,"href":"https:\/\/blogs.correiobraziliense.com.br\/vicente\/wp-json\/wp\/v2\/users\/22"}],"replies":[{"embeddable":true,"href":"https:\/\/blogs.correiobraziliense.com.br\/vicente\/wp-json\/wp\/v2\/comments?post=4171"}],"version-history":[{"count":1,"href":"https:\/\/blogs.correiobraziliense.com.br\/vicente\/wp-json\/wp\/v2\/posts\/4171\/revisions"}],"predecessor-version":[{"id":4172,"href":"https:\/\/blogs.correiobraziliense.com.br\/vicente\/wp-json\/wp\/v2\/posts\/4171\/revisions\/4172"}],"wp:attachment":[{"href":"https:\/\/blogs.correiobraziliense.com.br\/vicente\/wp-json\/wp\/v2\/media?parent=4171"}],"wp:term":[{"taxonomy":"category","embeddable":true,"href":"https:\/\/blogs.correiobraziliense.com.br\/vicente\/wp-json\/wp\/v2\/categories?post=4171"},{"taxonomy":"post_tag","embeddable":true,"href":"https:\/\/blogs.correiobraziliense.com.br\/vicente\/wp-json\/wp\/v2\/tags?post=4171"}],"curies":[{"name":"wp","href":"https:\/\/api.w.org\/{rel}","templated":true}]}}