{"id":4165,"date":"2017-02-13T19:45:17","date_gmt":"2017-02-13T21:45:17","guid":{"rendered":"https:\/\/blogs.correiobraziliense.com.br\/vicente\/?p=4165"},"modified":"2017-02-13T22:01:14","modified_gmt":"2017-02-14T00:01:14","slug":"confira-o-calendario-dos-saques-das-contas-inativas-do-fgts","status":"publish","type":"post","link":"https:\/\/blogs.correiobraziliense.com.br\/vicente\/confira-o-calendario-dos-saques-das-contas-inativas-do-fgts\/","title":{"rendered":"Confira o calend\u00e1rio dos saques das contas inativas do FGTS"},"content":{"rendered":"<p>MARLLA SABINO<\/p>\n<p>&nbsp;<\/p>\n<p>O governo j\u00e1 bateu o martelo sobre o calend\u00e1rio para os saques de recursos das contas inativas do Fundo de Garantia do Tempo de Servi\u00e7o (FGTS). A libera\u00e7\u00e3o dos recursos vai de 10 de mar\u00e7o a 31 de julho. Veja como ficou o escalonamento dos saques, de acordo com as datas de nascimento dos trabalhadores:<\/p>\n<p>&nbsp;<\/p>\n<p><strong>Mar\u00e7o:<\/strong> nascidos em janeiro e fevereiro<\/p>\n<p><strong>Abril:<\/strong> nascidos em mar\u00e7o, abril e maio<\/p>\n<p><strong>Maio:<\/strong> nascidos em junho, julho e agosto<\/p>\n<p><strong>Junho:<\/strong> nascidos em setembro, outubro e novembro<\/p>\n<p><strong>Julho:<\/strong> nascidos em dezembro.<\/p>\n<p>&nbsp;<\/p>\n<p>A Caixa Econ\u00f4mica Federal informa que, mesmo passado o m\u00eas de nascimento, os trabalhadores poder\u00e3o retirar os recursos das contas inativas at\u00e9 31 de julho. Ou seja, quem nasceu em janeiro, mas n\u00e3o sacou os recursos em mar\u00e7o, ter\u00e1 at\u00e9 31 de julho para faz\u00ea-lo.<\/p>\n<p>&nbsp;<\/p>\n<p>Est\u00e1 definido ainda, salvo mudan\u00e7as de \u00faltima hora, que a Caixa abrir\u00e1 suas ag\u00eancias aos s\u00e1bados por cinco horas. Aqueles que t\u00eam caderneta de poupan\u00e7a no banco ter\u00e3o o dinheiro transferido automaticamente. J\u00e1 aqueles com conta-corrente na Caixa ter\u00e3o que dar autoriza\u00e7\u00e3o para a transfer\u00eancia autom\u00e1tica.<\/p>\n<p>&nbsp;<\/p>\n<p><em>Bras\u00edlia, 19h45min<\/em><\/p>\n","protected":false},"excerpt":{"rendered":"<p>MARLLA SABINO &nbsp; O governo j\u00e1 bateu o martelo sobre o calend\u00e1rio para os saques de recursos das contas inativas do Fundo de Garantia do Tempo de Servi\u00e7o (FGTS). A libera\u00e7\u00e3o dos recursos vai de 10 de mar\u00e7o a 31 de julho. Veja como ficou o escalonamento dos saques, de acordo com as datas de [&hellip;]<\/p>\n","protected":false},"author":22,"featured_media":0,"comment_status":"open","ping_status":"closed","sticky":false,"template":"","format":"standard","meta":{"footnotes":""},"categories":[600],"tags":[115,1656,507,1865,54],"class_list":["post-4165","post","type-post","status-publish","format-standard","hentry","category-economia","tag-caixa-economica-federal","tag-contas-inativas","tag-fgts","tag-meses-para-saques","tag-saques"],"_links":{"self":[{"href":"https:\/\/blogs.correiobraziliense.com.br\/vicente\/wp-json\/wp\/v2\/posts\/4165","targetHints":{"allow":["GET"]}}],"collection":[{"href":"https:\/\/blogs.correiobraziliense.com.br\/vicente\/wp-json\/wp\/v2\/posts"}],"about":[{"href":"https:\/\/blogs.correiobraziliense.com.br\/vicente\/wp-json\/wp\/v2\/types\/post"}],"author":[{"embeddable":true,"href":"https:\/\/blogs.correiobraziliense.com.br\/vicente\/wp-json\/wp\/v2\/users\/22"}],"replies":[{"embeddable":true,"href":"https:\/\/blogs.correiobraziliense.com.br\/vicente\/wp-json\/wp\/v2\/comments?post=4165"}],"version-history":[{"count":2,"href":"https:\/\/blogs.correiobraziliense.com.br\/vicente\/wp-json\/wp\/v2\/posts\/4165\/revisions"}],"predecessor-version":[{"id":4192,"href":"https:\/\/blogs.correiobraziliense.com.br\/vicente\/wp-json\/wp\/v2\/posts\/4165\/revisions\/4192"}],"wp:attachment":[{"href":"https:\/\/blogs.correiobraziliense.com.br\/vicente\/wp-json\/wp\/v2\/media?parent=4165"}],"wp:term":[{"taxonomy":"category","embeddable":true,"href":"https:\/\/blogs.correiobraziliense.com.br\/vicente\/wp-json\/wp\/v2\/categories?post=4165"},{"taxonomy":"post_tag","embeddable":true,"href":"https:\/\/blogs.correiobraziliense.com.br\/vicente\/wp-json\/wp\/v2\/tags?post=4165"}],"curies":[{"name":"wp","href":"https:\/\/api.w.org\/{rel}","templated":true}]}}