{"id":4158,"date":"2017-02-11T03:46:07","date_gmt":"2017-02-11T05:46:07","guid":{"rendered":"https:\/\/blogs.correiobraziliense.com.br\/vicente\/?p=4158"},"modified":"2017-02-11T20:48:33","modified_gmt":"2017-02-11T22:48:33","slug":"o-impacto-das-reformas-na-bolsa-de-valores","status":"publish","type":"post","link":"https:\/\/blogs.correiobraziliense.com.br\/vicente\/o-impacto-das-reformas-na-bolsa-de-valores\/","title":{"rendered":"O impacto das reformas na bolsa de valores"},"content":{"rendered":"<p>\u00bb Gente gra\u00fada do governo acredita que, na medida em que os sinais de aprova\u00e7\u00e3o das reformas trabalhista e da Previd\u00eancia ficarem claros, a bolsa de valores dar\u00e1 uma forte arrancada e o d\u00f3lar pode ir, tranquilamente, para abaixo de R$ 3.<\/p>\n<p>&nbsp;<\/p>\n<p><i>Bras\u00edlia, 03h46<\/i><\/p>\n","protected":false},"excerpt":{"rendered":"<p>\u00bb Gente gra\u00fada do governo acredita que, na medida em que os sinais de aprova\u00e7\u00e3o das reformas trabalhista e da Previd\u00eancia ficarem claros, a bolsa de valores dar\u00e1 uma forte arrancada e o d\u00f3lar pode ir, tranquilamente, para abaixo de R$ 3. &nbsp; Bras\u00edlia, 03h46<\/p>\n","protected":false},"author":22,"featured_media":0,"comment_status":"open","ping_status":"closed","sticky":false,"template":"","format":"standard","meta":{"footnotes":""},"categories":[600],"tags":[1856,1857,1855,1854],"class_list":["post-4158","post","type-post","status-publish","format-standard","hentry","category-economia","tag-alta-da-bolsa","tag-dolar-abaixo-de-r-3","tag-impacto-na-bolsa-de-valores","tag-reformas-da-previdencia-e-trabalhista"],"_links":{"self":[{"href":"https:\/\/blogs.correiobraziliense.com.br\/vicente\/wp-json\/wp\/v2\/posts\/4158","targetHints":{"allow":["GET"]}}],"collection":[{"href":"https:\/\/blogs.correiobraziliense.com.br\/vicente\/wp-json\/wp\/v2\/posts"}],"about":[{"href":"https:\/\/blogs.correiobraziliense.com.br\/vicente\/wp-json\/wp\/v2\/types\/post"}],"author":[{"embeddable":true,"href":"https:\/\/blogs.correiobraziliense.com.br\/vicente\/wp-json\/wp\/v2\/users\/22"}],"replies":[{"embeddable":true,"href":"https:\/\/blogs.correiobraziliense.com.br\/vicente\/wp-json\/wp\/v2\/comments?post=4158"}],"version-history":[{"count":1,"href":"https:\/\/blogs.correiobraziliense.com.br\/vicente\/wp-json\/wp\/v2\/posts\/4158\/revisions"}],"predecessor-version":[{"id":4159,"href":"https:\/\/blogs.correiobraziliense.com.br\/vicente\/wp-json\/wp\/v2\/posts\/4158\/revisions\/4159"}],"wp:attachment":[{"href":"https:\/\/blogs.correiobraziliense.com.br\/vicente\/wp-json\/wp\/v2\/media?parent=4158"}],"wp:term":[{"taxonomy":"category","embeddable":true,"href":"https:\/\/blogs.correiobraziliense.com.br\/vicente\/wp-json\/wp\/v2\/categories?post=4158"},{"taxonomy":"post_tag","embeddable":true,"href":"https:\/\/blogs.correiobraziliense.com.br\/vicente\/wp-json\/wp\/v2\/tags?post=4158"}],"curies":[{"name":"wp","href":"https:\/\/api.w.org\/{rel}","templated":true}]}}