{"id":4153,"date":"2017-02-11T10:32:48","date_gmt":"2017-02-11T12:32:48","guid":{"rendered":"https:\/\/blogs.correiobraziliense.com.br\/vicente\/?p=4153"},"modified":"2017-02-11T20:39:41","modified_gmt":"2017-02-11T22:39:41","slug":"moreira-comanda-comunicao-que-tenta-reduzir-estrago-que-ele-causou","status":"publish","type":"post","link":"https:\/\/blogs.correiobraziliense.com.br\/vicente\/moreira-comanda-comunicao-que-tenta-reduzir-estrago-que-ele-causou\/","title":{"rendered":"Moreira comanda comunica\u00e7\u00e3o que tenta reduzir estrago que ele causou"},"content":{"rendered":"<p>Respons\u00e1vel pela atual crise do governo, Moreira Franco est\u00e1 no comando da estrat\u00e9gia de comunica\u00e7\u00e3o do Pal\u00e1cio do Planalto para tentar criar fatos positivos que minimizem o estrago provocado pela decis\u00e3o do presidente Michel Temer de nome\u00e1-lo ministro. Ontem, mesmo impedido pela Justi\u00e7a de ocupar o cargo \u2014 as liminares que anulavam a nomea\u00e7\u00e3o s\u00f3 ca\u00edram no fim da tarde \u2014, Moreira liderou reuni\u00e3o com sua equipe, na qual, segundo um dos participantes, foi constatado que o governo precisa amplificar, ao m\u00e1ximo poss\u00edvel, as boas not\u00edcias na economia, que podem ajudar Temer a sair da linha de tiro.<\/p>\n<p>&nbsp;<\/p>\n<p>A determina\u00e7\u00e3o \u00e9 que o Planalto fa\u00e7a uma \u201cverdadeira prega\u00e7\u00e3o\u201d sobre a recupera\u00e7\u00e3o da atividade. O governo est\u00e1 certo de que o Produto Interno Bruto (PIB) do primeiro trimestre do ano ser\u00e1 positivo, encerrando o ciclo recessivo mais profundo que o pa\u00eds enfrentou em sua hist\u00f3ria. O Planalto quer convencer que o fim da recess\u00e3o foi poss\u00edvel gra\u00e7as \u00e0 pol\u00edtica econ\u00f4mica respons\u00e1vel que vem sendo conduzida pelo ministro da Fazenda, Henrique Meirelles. Ao resgatar a confian\u00e7a dos investidores, as expectativas de infla\u00e7\u00e3o come\u00e7aram a cair, o que permitiu ao Banco Central dar in\u00edcio ao processo de redu\u00e7\u00e3o da taxa b\u00e1sica de juros (Selic), que est\u00e1 em 13% ao ano.<\/p>\n<p>&nbsp;<\/p>\n<p>H\u00e1 muitas queixas dentro do governo diante das dificuldades do Planalto para criar uma agenda positiva. Quando se consegue algum respiro, vem uma bomba da pol\u00edtica que acaba ofuscando fatos que poderiam ajudar a melhorar a imagem do pa\u00eds, ainda muito malvisto pelas ag\u00eancias de classifica\u00e7\u00e3o de risco. A grande sorte do governo \u00e9 que o mercado financeiro resolveu dar todos os votos de confian\u00e7a a Temer e est\u00e1 fechando os olhos para a crise pol\u00edtica que alucina Bras\u00edlia.<\/p>\n<p>&nbsp;<\/p>\n<p>Como lembra um importante operador, um dos mais pr\u00f3ximos ministros do presidente virou o centro de uma guerra de liminares e os presidentes da C\u00e2mara, Rodrigo Maia, e do Senado, Eun\u00edcio Oliveira, aliados importantes do governo para aprova\u00e7\u00e3o das reformas da Previd\u00eancia e trabalhista, est\u00e3o entre os alvos da Lava-Jato. \u201cEm outros momentos, o mercado estaria em polvorosa. Mas h\u00e1 um desejo claro de que o governo d\u00ea certo\u201d, ressalta.<\/p>\n<p>&nbsp;<\/p>\n<p><b>Desejo e realidade<\/b><\/p>\n<p>&nbsp;<\/p>\n<p>N\u00e3o por acaso, os dois maiores bancos privados do pa\u00eds v\u00eam divulgando seguidos relat\u00f3rios positivos em rela\u00e7\u00e3o \u00e0 economia. Ontem, Ita\u00fa Unibanco e Bradesco revisaram, para baixo, as estimativas de infla\u00e7\u00e3o. Para o Bradesco, o \u00cdndice de Pre\u00e7os ao Consumidor Amplo (IPCA) fechar\u00e1 este ano em 4,2%, abaixo, portanto, do centro da meta definida pelo Conselho Monet\u00e1rio Nacional (CMN), de 4,5%. O Ita\u00fa, por sua vez, projeta infla\u00e7\u00e3o de 4,4% para 2017 e de 3,8% para o ano que vem. Com isso, o BC poder\u00e1 reduzir os juros para at\u00e9 9,25% em dezembro pr\u00f3ximo e para 8,25% em 2018.<\/p>\n<p>&nbsp;<\/p>\n<p>A perspectiva de integrantes do Planalto \u00e9 de que o BC se anime com tais proje\u00e7\u00f5es, e acelere o corte da Selic. H\u00e1 uma reuni\u00e3o do Comit\u00ea de Pol\u00edtica Monet\u00e1ria (Copom) marcada para 21 e 22 deste m\u00eas, na qual se espera que a taxa b\u00e1sica caia um ponto percentual, para 12% ao ano. \u201cO BC n\u00e3o pode se manter muito atr\u00e1s da curva. A infla\u00e7\u00e3o oficial tem ficado, sistematicamente, abaixo das proje\u00e7\u00f5es do mercado. Quer dizer: todo mundo est\u00e1 errando nas estimativas. Ent\u00e3o, o BC pode se arriscar a errar cortando os juros mais rapidamente\u201d, frisa um t\u00e9cnico.<\/p>\n<p>&nbsp;<\/p>\n<p>Al\u00e9m da queda mais forte dos juros, o Planalto conta com a libera\u00e7\u00e3o de recursos do Fundo de Garantia do Tempo de Servi\u00e7o (FGTS) \u2014 uma montanha de R$ 34 bilh\u00f5es \u2014 para mudar um pouco a percep\u00e7\u00e3o negativa do governo. \u201cCom tanto desemprego e d\u00edvidas atrasadas, os trabalhadores v\u00e3o se preocupar muito mais em ter acesso \u00e0s contas inativas do FGTS do que em saber se este ou aquele ministro ficou sem foro privilegiado. \u00c9 nisso que estamos apostando\u201d, ressalta um importante aliado de Temer. \u201cN\u00e3o se trata de torcer pela aliena\u00e7\u00e3o das pessoas, mas, com certeza, um al\u00edvio no bolso ter\u00e1 mais peso do que o notici\u00e1rio sobre Moreira Franco\u201d, acredita.<\/p>\n<p>&nbsp;<\/p>\n<p>A grande preocupa\u00e7\u00e3o \u00e9 de que o pr\u00f3prio governo n\u00e3o se torne um problema. Os \u00faltimos dias deram muni\u00e7\u00e3o de sobra para que os cr\u00edticos de Temer enchessem o peito para vociferar. \u201cEst\u00e1 na hora de pararmos de criar confus\u00e3o. Temos bons n\u00fameros nas m\u00e3os para comprovarmos que o pa\u00eds est\u00e1 entrando nos eixos\u201d, diz um ministro da cota do PMDB. \u201cQuanto mais criarmos fatos positivos na economia, mais nos blindaremos para enfrentar a dela\u00e7\u00e3o do fim do mundo da Odebrecht\u201d, ressalta. Entre desejo e realidade, por\u00e9m, h\u00e1 uma dist\u00e2ncia enorme. Que isso fique bem claro.<\/p>\n<p>&nbsp;<\/p>\n<p><i>Bras\u00edlia, 10h32min<\/i><\/p>\n","protected":false},"excerpt":{"rendered":"<p>Respons\u00e1vel pela atual crise do governo, Moreira Franco est\u00e1 no comando da estrat\u00e9gia de comunica\u00e7\u00e3o do Pal\u00e1cio do Planalto para tentar criar fatos positivos que minimizem o estrago provocado pela decis\u00e3o do presidente Michel Temer de nome\u00e1-lo ministro. Ontem, mesmo impedido pela Justi\u00e7a de ocupar o cargo \u2014 as liminares que anulavam a nomea\u00e7\u00e3o s\u00f3 [&hellip;]<\/p>\n","protected":false},"author":22,"featured_media":0,"comment_status":"open","ping_status":"closed","sticky":false,"template":"","format":"standard","meta":{"footnotes":""},"categories":[600],"tags":[1848,589,1847,1427,1849],"class_list":["post-4153","post","type-post","status-publish","format-standard","hentry","category-economia","tag-comunicacao-do-governo","tag-economia","tag-escandalo-da-nomeacao","tag-moreira-franco","tag-propaganda-oficial"],"_links":{"self":[{"href":"https:\/\/blogs.correiobraziliense.com.br\/vicente\/wp-json\/wp\/v2\/posts\/4153","targetHints":{"allow":["GET"]}}],"collection":[{"href":"https:\/\/blogs.correiobraziliense.com.br\/vicente\/wp-json\/wp\/v2\/posts"}],"about":[{"href":"https:\/\/blogs.correiobraziliense.com.br\/vicente\/wp-json\/wp\/v2\/types\/post"}],"author":[{"embeddable":true,"href":"https:\/\/blogs.correiobraziliense.com.br\/vicente\/wp-json\/wp\/v2\/users\/22"}],"replies":[{"embeddable":true,"href":"https:\/\/blogs.correiobraziliense.com.br\/vicente\/wp-json\/wp\/v2\/comments?post=4153"}],"version-history":[{"count":2,"href":"https:\/\/blogs.correiobraziliense.com.br\/vicente\/wp-json\/wp\/v2\/posts\/4153\/revisions"}],"predecessor-version":[{"id":4155,"href":"https:\/\/blogs.correiobraziliense.com.br\/vicente\/wp-json\/wp\/v2\/posts\/4153\/revisions\/4155"}],"wp:attachment":[{"href":"https:\/\/blogs.correiobraziliense.com.br\/vicente\/wp-json\/wp\/v2\/media?parent=4153"}],"wp:term":[{"taxonomy":"category","embeddable":true,"href":"https:\/\/blogs.correiobraziliense.com.br\/vicente\/wp-json\/wp\/v2\/categories?post=4153"},{"taxonomy":"post_tag","embeddable":true,"href":"https:\/\/blogs.correiobraziliense.com.br\/vicente\/wp-json\/wp\/v2\/tags?post=4153"}],"curies":[{"name":"wp","href":"https:\/\/api.w.org\/{rel}","templated":true}]}}