{"id":4136,"date":"2017-02-08T17:13:03","date_gmt":"2017-02-08T19:13:03","guid":{"rendered":"https:\/\/blogs.correiobraziliense.com.br\/vicente\/?p=4136"},"modified":"2017-02-08T17:15:54","modified_gmt":"2017-02-08T19:15:54","slug":"fulano-e-fulana-sao-coordenadores-no-ministerio-da-integracao-nacional","status":"publish","type":"post","link":"https:\/\/blogs.correiobraziliense.com.br\/vicente\/fulano-e-fulana-sao-coordenadores-no-ministerio-da-integracao-nacional\/","title":{"rendered":"Fulano e Fulana s\u00e3o coordenadores no Minist\u00e9rio da Integra\u00e7\u00e3o Nacional"},"content":{"rendered":"<p>POR ANTONIO TEM\u00d3TEO<\/p>\n<p>&nbsp;<\/p>\n<p>No Minist\u00e9rio da Integra\u00e7\u00e3o Nacional, Fulano Beltrano da Silva e Fulana Beltrana de Tal s\u00e3o coordenadores do Centro Nacional de Gerenciamento de Riscos e Desastres. O &#8220;Quem \u00e9 quem&#8221; da pasta foi atualizado pela \u00faltima vez em 18 de abril de 2016. Veja a imagem abaixo:<\/p>\n<p>&nbsp;<\/p>\n<p><a href=\"https:\/\/blogs.correiobraziliense.com.br\/vicente\/wp-content\/uploads\/sites\/16\/2017\/02\/IMG_3530.png\" rel=\"attachment wp-att-4137\"><img loading=\"lazy\" decoding=\"async\" class=\"alignnone size-medium wp-image-4137\" src=\"https:\/\/blogs.correiobraziliense.com.br\/vicente\/wp-content\/uploads\/sites\/16\/2017\/02\/IMG_3530-169x300.png\" alt=\"IMG_3530\" width=\"169\" height=\"300\" srcset=\"https:\/\/blogs.correiobraziliense.com.br\/vicente\/wp-content\/uploads\/sites\/16\/2017\/02\/IMG_3530-169x300.png 169w, https:\/\/blogs.correiobraziliense.com.br\/vicente\/wp-content\/uploads\/sites\/16\/2017\/02\/IMG_3530-768x1365.png 768w, https:\/\/blogs.correiobraziliense.com.br\/vicente\/wp-content\/uploads\/sites\/16\/2017\/02\/IMG_3530-576x1024.png 576w, https:\/\/blogs.correiobraziliense.com.br\/vicente\/wp-content\/uploads\/sites\/16\/2017\/02\/IMG_3530-197x350.png 197w, https:\/\/blogs.correiobraziliense.com.br\/vicente\/wp-content\/uploads\/sites\/16\/2017\/02\/IMG_3530-550x978.png 550w, https:\/\/blogs.correiobraziliense.com.br\/vicente\/wp-content\/uploads\/sites\/16\/2017\/02\/IMG_3530-230x409.png 230w, https:\/\/blogs.correiobraziliense.com.br\/vicente\/wp-content\/uploads\/sites\/16\/2017\/02\/IMG_3530.png 1242w\" sizes=\"auto, (max-width: 169px) 100vw, 169px\" \/><\/a><\/p>\n<p>&nbsp;<\/p>\n","protected":false},"excerpt":{"rendered":"<p>POR ANTONIO TEM\u00d3TEO &nbsp; No Minist\u00e9rio da Integra\u00e7\u00e3o Nacional, Fulano Beltrano da Silva e Fulana Beltrana de Tal s\u00e3o coordenadores do Centro Nacional de Gerenciamento de Riscos e Desastres. O &#8220;Quem \u00e9 quem&#8221; da pasta foi atualizado pela \u00faltima vez em 18 de abril de 2016. Veja a imagem abaixo: &nbsp; &nbsp;<\/p>\n","protected":false},"author":22,"featured_media":0,"comment_status":"open","ping_status":"closed","sticky":false,"template":"","format":"standard","meta":{"footnotes":""},"categories":[600],"tags":[1835,1834,1833,1832],"class_list":["post-4136","post","type-post","status-publish","format-standard","hentry","category-economia","tag-coordenadores","tag-fulana","tag-fulano","tag-integracao-nacional"],"_links":{"self":[{"href":"https:\/\/blogs.correiobraziliense.com.br\/vicente\/wp-json\/wp\/v2\/posts\/4136","targetHints":{"allow":["GET"]}}],"collection":[{"href":"https:\/\/blogs.correiobraziliense.com.br\/vicente\/wp-json\/wp\/v2\/posts"}],"about":[{"href":"https:\/\/blogs.correiobraziliense.com.br\/vicente\/wp-json\/wp\/v2\/types\/post"}],"author":[{"embeddable":true,"href":"https:\/\/blogs.correiobraziliense.com.br\/vicente\/wp-json\/wp\/v2\/users\/22"}],"replies":[{"embeddable":true,"href":"https:\/\/blogs.correiobraziliense.com.br\/vicente\/wp-json\/wp\/v2\/comments?post=4136"}],"version-history":[{"count":2,"href":"https:\/\/blogs.correiobraziliense.com.br\/vicente\/wp-json\/wp\/v2\/posts\/4136\/revisions"}],"predecessor-version":[{"id":4140,"href":"https:\/\/blogs.correiobraziliense.com.br\/vicente\/wp-json\/wp\/v2\/posts\/4136\/revisions\/4140"}],"wp:attachment":[{"href":"https:\/\/blogs.correiobraziliense.com.br\/vicente\/wp-json\/wp\/v2\/media?parent=4136"}],"wp:term":[{"taxonomy":"category","embeddable":true,"href":"https:\/\/blogs.correiobraziliense.com.br\/vicente\/wp-json\/wp\/v2\/categories?post=4136"},{"taxonomy":"post_tag","embeddable":true,"href":"https:\/\/blogs.correiobraziliense.com.br\/vicente\/wp-json\/wp\/v2\/tags?post=4136"}],"curies":[{"name":"wp","href":"https:\/\/api.w.org\/{rel}","templated":true}]}}