{"id":4128,"date":"2017-02-08T04:01:57","date_gmt":"2017-02-08T06:01:57","guid":{"rendered":"https:\/\/blogs.correiobraziliense.com.br\/vicente\/?p=4128"},"modified":"2017-02-08T07:10:39","modified_gmt":"2017-02-08T09:10:39","slug":"spread-bancario-mesma-discussao-os-mesmos-atores-e-nenhuma-solucao","status":"publish","type":"post","link":"https:\/\/blogs.correiobraziliense.com.br\/vicente\/spread-bancario-mesma-discussao-os-mesmos-atores-e-nenhuma-solucao\/","title":{"rendered":"Spread banc\u00e1rio: a mesma discuss\u00e3o, os mesmos atores e nenhuma solu\u00e7\u00e3o"},"content":{"rendered":"<p>\u00bb Sem tirar o m\u00e9rito do debate promovido pelo Banco Central ontem sobre spread banc\u00e1rio, muitos dos presentes ficaram se perguntando quantas vezes j\u00e1 assistiram \u00e0 mesma discuss\u00e3o nos \u00faltimos anos, sem que se chegasse a nenhum resultado, e sempre com os mesmos personagens.<\/p>\n<p>&nbsp;<\/p>\n<p><b>Por enquanto, boas inten\u00e7\u00f5es<\/b><\/p>\n<p>&nbsp;<\/p>\n<p>\u00bb O primeiro grande trabalho sobre o spread, que corresponde \u00e0 diferen\u00e7a entre o que os bancos pagam aos investidores e cobram dos devedores, foi feito quando Arm\u00ednio Fraga era presidente do BC e Ilan Goldfajn, diretor. No encontro de ontem, Arm\u00ednio era um dos debatedores e Ilan, o presidente do Banco Central.<\/p>\n<p>&nbsp;<\/p>\n<p><b>Esperan\u00e7a dos novatos<\/b><\/p>\n<p>&nbsp;<\/p>\n<p>\u00bb O tema tamb\u00e9m ocupou parte da agenda do hoje ministro da Fazenda, Henrique Meirelles, quando comandou o BC. Nada de concreto foi apresentado \u00e0quela \u00e9poca. Como debatedor, s\u00f3 criou esperan\u00e7a entre os que assistiam ao debate pela primeira vez.<\/p>\n<p>&nbsp;<\/p>\n<p><b>Perguntas sem respostas<\/b><\/p>\n<p>&nbsp;<\/p>\n<p>\u00bb Entre os mais c\u00e9ticos, o questionamento foi um s\u00f3: quais s\u00e3o as garantias de que, desta vez, o BC conseguir\u00e1 p\u00f4r fim \u00e0s aberra\u00e7\u00f5es que levam os spreads brasileiros a serem, de longe, os maiores do mundo? O que deu errado no meio do caminho? Quantos anos mais ser\u00e3o necess\u00e1rios para que o custo do cr\u00e9dito caia para n\u00edveis civilizados?<\/p>\n<p>&nbsp;<\/p>\n<p><i>Bras\u00edlia, 04h01min<\/i><\/p>\n","protected":false},"excerpt":{"rendered":"<p>\u00bb Sem tirar o m\u00e9rito do debate promovido pelo Banco Central ontem sobre spread banc\u00e1rio, muitos dos presentes ficaram se perguntando quantas vezes j\u00e1 assistiram \u00e0 mesma discuss\u00e3o nos \u00faltimos anos, sem que se chegasse a nenhum resultado, e sempre com os mesmos personagens. &nbsp; Por enquanto, boas inten\u00e7\u00f5es &nbsp; \u00bb O primeiro grande trabalho [&hellip;]<\/p>\n","protected":false},"author":22,"featured_media":0,"comment_status":"open","ping_status":"closed","sticky":false,"template":"","format":"standard","meta":{"footnotes":""},"categories":[600],"tags":[1827,1826,1828,107,1816],"class_list":["post-4128","post","type-post","status-publish","format-standard","hentry","category-economia","tag-arminio-fraga","tag-debate-no-banco-central","tag-henrique-meireles","tag-ilan-goldfajn","tag-spread-bancario"],"_links":{"self":[{"href":"https:\/\/blogs.correiobraziliense.com.br\/vicente\/wp-json\/wp\/v2\/posts\/4128","targetHints":{"allow":["GET"]}}],"collection":[{"href":"https:\/\/blogs.correiobraziliense.com.br\/vicente\/wp-json\/wp\/v2\/posts"}],"about":[{"href":"https:\/\/blogs.correiobraziliense.com.br\/vicente\/wp-json\/wp\/v2\/types\/post"}],"author":[{"embeddable":true,"href":"https:\/\/blogs.correiobraziliense.com.br\/vicente\/wp-json\/wp\/v2\/users\/22"}],"replies":[{"embeddable":true,"href":"https:\/\/blogs.correiobraziliense.com.br\/vicente\/wp-json\/wp\/v2\/comments?post=4128"}],"version-history":[{"count":1,"href":"https:\/\/blogs.correiobraziliense.com.br\/vicente\/wp-json\/wp\/v2\/posts\/4128\/revisions"}],"predecessor-version":[{"id":4129,"href":"https:\/\/blogs.correiobraziliense.com.br\/vicente\/wp-json\/wp\/v2\/posts\/4128\/revisions\/4129"}],"wp:attachment":[{"href":"https:\/\/blogs.correiobraziliense.com.br\/vicente\/wp-json\/wp\/v2\/media?parent=4128"}],"wp:term":[{"taxonomy":"category","embeddable":true,"href":"https:\/\/blogs.correiobraziliense.com.br\/vicente\/wp-json\/wp\/v2\/categories?post=4128"},{"taxonomy":"post_tag","embeddable":true,"href":"https:\/\/blogs.correiobraziliense.com.br\/vicente\/wp-json\/wp\/v2\/tags?post=4128"}],"curies":[{"name":"wp","href":"https:\/\/api.w.org\/{rel}","templated":true}]}}