{"id":4126,"date":"2017-02-07T11:27:57","date_gmt":"2017-02-07T13:27:57","guid":{"rendered":"https:\/\/blogs.correiobraziliense.com.br\/vicente\/?p=4126"},"modified":"2017-02-07T11:27:57","modified_gmt":"2017-02-07T13:27:57","slug":"caixa-deve-abrir-agencias-aos-sabados-e-aos-domingos-para-saques-de-contas-inativas-do-fgts","status":"publish","type":"post","link":"https:\/\/blogs.correiobraziliense.com.br\/vicente\/caixa-deve-abrir-agencias-aos-sabados-e-aos-domingos-para-saques-de-contas-inativas-do-fgts\/","title":{"rendered":"Caixa deve abrir ag\u00eancias aos s\u00e1bados e aos domingos para saques de contas inativas do FGTS"},"content":{"rendered":"<p>MARLLA SABINO<\/p>\n<p>&nbsp;<\/p>\n<p>Diante da esperada corrida pelos saques de recursos das contas inativas do Fundo de Garantia do Tempo de Servi\u00e7o (FGTS), a Caixa Econ\u00f4mica Federal dever\u00e1 abrir as portas aos s\u00e1bados e aos domingos, admite o presidente da institui\u00e7\u00e3o Gilberto Ochhi. O pagamento come\u00e7ar\u00e1 em mar\u00e7o e o cronograma pode sair at\u00e9 o pr\u00f3ximo dia 15.<\/p>\n<p>&nbsp;<\/p>\n<p>Segundo Occhi, pelo menos 30 milh\u00f5es de trabalhadores ter\u00e3o direito a sacar os recursos. Mesmo que a Caixa fa\u00e7a um escalonamento, de acordo com a data de anivers\u00e1rio das pessoas, o movimento di\u00e1rio nas ag\u00eancias tender\u00e1 a aumentar muito. Por isso, a ideia de funcionar nos fins de semana.<\/p>\n<p>&nbsp;<\/p>\n<p>A expectativa do governo \u00e9 de liberar cerca de R$ 40 bilh\u00f5es das contas inativas do FGTS. O Pal\u00e1cio do Planalto acredita que esse dinheiro ajudar\u00e1 a dar um importante g\u00e1s na economia. Muitas fam\u00edlias est\u00e3o endividadas, restringindo o consumo. Com os saques, poder\u00e3o botar muitas contas em dia, liberando o or\u00e7amento dom\u00e9stico.<\/p>\n<p>&nbsp;<\/p>\n<p><em>Bras\u00edlia, 11h05min<\/em><\/p>\n","protected":false},"excerpt":{"rendered":"<p>MARLLA SABINO &nbsp; Diante da esperada corrida pelos saques de recursos das contas inativas do Fundo de Garantia do Tempo de Servi\u00e7o (FGTS), a Caixa Econ\u00f4mica Federal dever\u00e1 abrir as portas aos s\u00e1bados e aos domingos, admite o presidente da institui\u00e7\u00e3o Gilberto Ochhi. O pagamento come\u00e7ar\u00e1 em mar\u00e7o e o cronograma pode sair at\u00e9 o [&hellip;]<\/p>\n","protected":false},"author":22,"featured_media":0,"comment_status":"open","ping_status":"closed","sticky":false,"template":"","format":"standard","meta":{"footnotes":""},"categories":[600],"tags":[1824,1823,1656,1752,507,296,1825],"class_list":["post-4126","post","type-post","status-publish","format-standard","hentry","category-economia","tag-30-milhoes-de-pessoas","tag-caixa-abrira-agencias-aos-sabados-e-aos-domingos","tag-contas-inativas","tag-familias-endividadas","tag-fgts","tag-gilberto-occhi","tag-r-40-bilhoes"],"_links":{"self":[{"href":"https:\/\/blogs.correiobraziliense.com.br\/vicente\/wp-json\/wp\/v2\/posts\/4126","targetHints":{"allow":["GET"]}}],"collection":[{"href":"https:\/\/blogs.correiobraziliense.com.br\/vicente\/wp-json\/wp\/v2\/posts"}],"about":[{"href":"https:\/\/blogs.correiobraziliense.com.br\/vicente\/wp-json\/wp\/v2\/types\/post"}],"author":[{"embeddable":true,"href":"https:\/\/blogs.correiobraziliense.com.br\/vicente\/wp-json\/wp\/v2\/users\/22"}],"replies":[{"embeddable":true,"href":"https:\/\/blogs.correiobraziliense.com.br\/vicente\/wp-json\/wp\/v2\/comments?post=4126"}],"version-history":[{"count":1,"href":"https:\/\/blogs.correiobraziliense.com.br\/vicente\/wp-json\/wp\/v2\/posts\/4126\/revisions"}],"predecessor-version":[{"id":4127,"href":"https:\/\/blogs.correiobraziliense.com.br\/vicente\/wp-json\/wp\/v2\/posts\/4126\/revisions\/4127"}],"wp:attachment":[{"href":"https:\/\/blogs.correiobraziliense.com.br\/vicente\/wp-json\/wp\/v2\/media?parent=4126"}],"wp:term":[{"taxonomy":"category","embeddable":true,"href":"https:\/\/blogs.correiobraziliense.com.br\/vicente\/wp-json\/wp\/v2\/categories?post=4126"},{"taxonomy":"post_tag","embeddable":true,"href":"https:\/\/blogs.correiobraziliense.com.br\/vicente\/wp-json\/wp\/v2\/tags?post=4126"}],"curies":[{"name":"wp","href":"https:\/\/api.w.org\/{rel}","templated":true}]}}