{"id":4120,"date":"2017-02-07T00:01:53","date_gmt":"2017-02-07T02:01:53","guid":{"rendered":"https:\/\/blogs.correiobraziliense.com.br\/vicente\/?p=4120"},"modified":"2017-02-06T23:45:38","modified_gmt":"2017-02-07T01:45:38","slug":"os-abusos-dos-bancos","status":"publish","type":"post","link":"https:\/\/blogs.correiobraziliense.com.br\/vicente\/os-abusos-dos-bancos\/","title":{"rendered":"Os abusos dos bancos"},"content":{"rendered":"<p>O Banco Central tenta explicar hoje por que as taxas de juros cobradas de empresas e consumidores s\u00e3o t\u00e3o altas no pa\u00eds. N\u00e3o h\u00e1 um s\u00f3 ser que consiga entender como os bancos t\u00eam a coragem de cobrar encargos que passam de 400% ao ano.<\/p>\n<p>&nbsp;<\/p>\n<p><b>Discurso furado<\/b><\/p>\n<p>&nbsp;<\/p>\n<p>\u00bb As institui\u00e7\u00f5es financeiras alegam que boa parte do spread banc\u00e1rio (a diferen\u00e7a entre o que pagam aos investidores e o que cobram dos devedores) decorre da elevada inadimpl\u00eancia. Nada mais falso.<\/p>\n<p>&nbsp;<\/p>\n<p><b>Margem de lucro<\/b><\/p>\n<p>&nbsp;<\/p>\n<p>\u00bb Dados do BC mostram que, em dezembro de 2014, a inadimpl\u00eancia geral do cr\u00e9dito com recursos livres estava em 4,3%. No encerramento do ano passado, esse \u00edndice havia cravado 5,7%. No mesmo per\u00edodo, o spread saltou de 25,3 para 40,2 pontos percentuais. Ou seja, subiu muito mais que o calote.<\/p>\n<p>&nbsp;<\/p>\n<p><b>BC refor\u00e7a excessos<\/b><\/p>\n<p>&nbsp;<\/p>\n<p>\u00bb Outro dado do BC refor\u00e7a os excessos cometidos pelos bancos. A taxa de capta\u00e7\u00e3o, que eles pagam ao pegar dinheiro no mercado para repassar por meio de empr\u00e9stimos, era de 12,3% ao ano em dezembro de 2014 e, depois de uma ligeira alta, fechou o ano passado nos mesmos 12,3%.<\/p>\n<p>&nbsp;<\/p>\n<p><b>Sem par\u00e2metro no mundo<\/b><\/p>\n<p>&nbsp;<\/p>\n<p>\u00bb Para o presidente da Ordem dos Economistas do Brasil, Manuel Enriquez Garc\u00eda, o spread banc\u00e1rio no Brasil \u00e9 inaceit\u00e1vel. \u201cN\u00e3o h\u00e1 nenhum lugar do mundo em que essa taxa seja t\u00e3o elevada\u201d, afirma.<\/p>\n<p>&nbsp;<\/p>\n<p><i>Bras\u00edlia, 00h01min<\/i><\/p>\n","protected":false},"excerpt":{"rendered":"<p>O Banco Central tenta explicar hoje por que as taxas de juros cobradas de empresas e consumidores s\u00e3o t\u00e3o altas no pa\u00eds. N\u00e3o h\u00e1 um s\u00f3 ser que consiga entender como os bancos t\u00eam a coragem de cobrar encargos que passam de 400% ao ano. &nbsp; Discurso furado &nbsp; \u00bb As institui\u00e7\u00f5es financeiras alegam que [&hellip;]<\/p>\n","protected":false},"author":22,"featured_media":0,"comment_status":"open","ping_status":"closed","sticky":false,"template":"","format":"standard","meta":{"footnotes":""},"categories":[600],"tags":[219,3,822,5,1816],"class_list":["post-4120","post","type-post","status-publish","format-standard","hentry","category-economia","tag-abusos","tag-banco-central","tag-bancos","tag-inadimplencia","tag-spread-bancario"],"_links":{"self":[{"href":"https:\/\/blogs.correiobraziliense.com.br\/vicente\/wp-json\/wp\/v2\/posts\/4120","targetHints":{"allow":["GET"]}}],"collection":[{"href":"https:\/\/blogs.correiobraziliense.com.br\/vicente\/wp-json\/wp\/v2\/posts"}],"about":[{"href":"https:\/\/blogs.correiobraziliense.com.br\/vicente\/wp-json\/wp\/v2\/types\/post"}],"author":[{"embeddable":true,"href":"https:\/\/blogs.correiobraziliense.com.br\/vicente\/wp-json\/wp\/v2\/users\/22"}],"replies":[{"embeddable":true,"href":"https:\/\/blogs.correiobraziliense.com.br\/vicente\/wp-json\/wp\/v2\/comments?post=4120"}],"version-history":[{"count":1,"href":"https:\/\/blogs.correiobraziliense.com.br\/vicente\/wp-json\/wp\/v2\/posts\/4120\/revisions"}],"predecessor-version":[{"id":4121,"href":"https:\/\/blogs.correiobraziliense.com.br\/vicente\/wp-json\/wp\/v2\/posts\/4120\/revisions\/4121"}],"wp:attachment":[{"href":"https:\/\/blogs.correiobraziliense.com.br\/vicente\/wp-json\/wp\/v2\/media?parent=4120"}],"wp:term":[{"taxonomy":"category","embeddable":true,"href":"https:\/\/blogs.correiobraziliense.com.br\/vicente\/wp-json\/wp\/v2\/categories?post=4120"},{"taxonomy":"post_tag","embeddable":true,"href":"https:\/\/blogs.correiobraziliense.com.br\/vicente\/wp-json\/wp\/v2\/tags?post=4120"}],"curies":[{"name":"wp","href":"https:\/\/api.w.org\/{rel}","templated":true}]}}