{"id":4118,"date":"2017-02-06T21:01:33","date_gmt":"2017-02-06T23:01:33","guid":{"rendered":"https:\/\/blogs.correiobraziliense.com.br\/vicente\/?p=4118"},"modified":"2017-02-06T23:40:41","modified_gmt":"2017-02-07T01:40:41","slug":"bancos-tem-razao-para-cobrar-juros-tao-altos-diz-murilo-portugal","status":"publish","type":"post","link":"https:\/\/blogs.correiobraziliense.com.br\/vicente\/bancos-tem-razao-para-cobrar-juros-tao-altos-diz-murilo-portugal\/","title":{"rendered":"Bancos t\u00eam raz\u00f5es para cobrar juros t\u00e3o altos, diz Murilo Portugal"},"content":{"rendered":"<p>POR PAULO SILVA PINTO<\/p>\n<p>&nbsp;<\/p>\n<p>Os juros altos cobrados no pa\u00eds s\u00e3o consequ\u00eancia, al\u00e9m da taxa b\u00e1sica elevada, da grande inadimpl\u00eancia e da dificuldade para recuperar garantias oferecidas pelos tomadores de cr\u00e9dito, disse hoje no fim da tarde o presidente da Federa\u00e7\u00e3o Brasileira de Bancos (Febraban), Murilo Portugal.<\/p>\n<p>&nbsp;<\/p>\n<p>Ele veio para Bras\u00edlia com o objetivo de acompanhar amanh\u00e3 \u00e0s 11h no Banco Central (BC) o painel Projeto Spread Banc\u00e1rio, que tem por objetivo discutir as raz\u00f5es para a elevada diferen\u00e7a entre os juros que os bancos pagam e o que cobram dos clientes. O tema ser\u00e1 debatido pelo presidente do BC, Ilan Goldfajn, pelo ministro da Fazenda, Henrique Meirelles, que comandou a autoridade monet\u00e1ria, e por outros dois ex-presidentes: Arminio Fraga e Gustavo Loyola.<\/p>\n<p>&nbsp;<\/p>\n<p>\u201cN\u00f3s elogiamos a iniciativa. Tamb\u00e9m temos interesse na redu\u00e7\u00e3o do spread, o que ajuda a reduzir a inadimpl\u00eancia. Mas \u00e9 preciso fazer um bom diagn\u00f3stico do problema, do contr\u00e1rio haver\u00e1 efeitos colaterais negativos\u201d, afirmou Portugal.<\/p>\n<p>&nbsp;<\/p>\n<p>Ao falar das dificuldades enfrentadas pelos bancos, ele afirmou citou os casos de compradores de ve\u00edculos financiados que deixam de pagar as presta\u00e7\u00f5es: apenas 15% dos bens s\u00e3o recuperados pelos bancos depois de um ano.<\/p>\n<p>&nbsp;<\/p>\n<p>O presidente da entidade que representa os bancos citou tamb\u00e9m a elevada tributa\u00e7\u00e3o, com al\u00edquotas maiores do que a de outros setores sobre o lucro. \u201cMas reconhecemos que agora n\u00e3o \u00e9 o melhor momento para esse problema ser resolvido, pois o pa\u00eds est\u00e1 em uma situa\u00e7\u00e3o fiscal dif\u00edcil\u201d, disse.<\/p>\n<p>&nbsp;<\/p>\n<p>Portugal afirmou que os bancos est\u00e3o se esfor\u00e7ando para reduzir custos operacionais, o que poder\u00e1 se refletir nos juros cobrados. Em dezembro, houve queda da taxa b\u00e1sica, a Selic, e tamb\u00e9m do spread, que, no caso das pessoas f\u00edsicas, chegou a 31,9 pontos percentuais ao ano, saindo de 33,1 pontos no m\u00eas anterior, ainda entre os maiores do mundo.<\/p>\n<p>&nbsp;<\/p>\n<p><i>Bras\u00edlia, 21h01min<\/i><\/p>\n","protected":false},"excerpt":{"rendered":"<p>POR PAULO SILVA PINTO &nbsp; Os juros altos cobrados no pa\u00eds s\u00e3o consequ\u00eancia, al\u00e9m da taxa b\u00e1sica elevada, da grande inadimpl\u00eancia e da dificuldade para recuperar garantias oferecidas pelos tomadores de cr\u00e9dito, disse hoje no fim da tarde o presidente da Federa\u00e7\u00e3o Brasileira de Bancos (Febraban), Murilo Portugal. &nbsp; Ele veio para Bras\u00edlia com o [&hellip;]<\/p>\n","protected":false},"author":22,"featured_media":0,"comment_status":"open","ping_status":"closed","sticky":false,"template":"","format":"standard","meta":{"footnotes":""},"categories":[600],"tags":[822,81,5,447,1817,1816],"class_list":["post-4118","post","type-post","status-publish","format-standard","hentry","category-economia","tag-bancos","tag-febraban","tag-inadimplencia","tag-juros-altos","tag-murilo-portugal","tag-spread-bancario"],"_links":{"self":[{"href":"https:\/\/blogs.correiobraziliense.com.br\/vicente\/wp-json\/wp\/v2\/posts\/4118","targetHints":{"allow":["GET"]}}],"collection":[{"href":"https:\/\/blogs.correiobraziliense.com.br\/vicente\/wp-json\/wp\/v2\/posts"}],"about":[{"href":"https:\/\/blogs.correiobraziliense.com.br\/vicente\/wp-json\/wp\/v2\/types\/post"}],"author":[{"embeddable":true,"href":"https:\/\/blogs.correiobraziliense.com.br\/vicente\/wp-json\/wp\/v2\/users\/22"}],"replies":[{"embeddable":true,"href":"https:\/\/blogs.correiobraziliense.com.br\/vicente\/wp-json\/wp\/v2\/comments?post=4118"}],"version-history":[{"count":1,"href":"https:\/\/blogs.correiobraziliense.com.br\/vicente\/wp-json\/wp\/v2\/posts\/4118\/revisions"}],"predecessor-version":[{"id":4119,"href":"https:\/\/blogs.correiobraziliense.com.br\/vicente\/wp-json\/wp\/v2\/posts\/4118\/revisions\/4119"}],"wp:attachment":[{"href":"https:\/\/blogs.correiobraziliense.com.br\/vicente\/wp-json\/wp\/v2\/media?parent=4118"}],"wp:term":[{"taxonomy":"category","embeddable":true,"href":"https:\/\/blogs.correiobraziliense.com.br\/vicente\/wp-json\/wp\/v2\/categories?post=4118"},{"taxonomy":"post_tag","embeddable":true,"href":"https:\/\/blogs.correiobraziliense.com.br\/vicente\/wp-json\/wp\/v2\/tags?post=4118"}],"curies":[{"name":"wp","href":"https:\/\/api.w.org\/{rel}","templated":true}]}}