{"id":4116,"date":"2017-02-06T22:00:29","date_gmt":"2017-02-07T00:00:29","guid":{"rendered":"https:\/\/blogs.correiobraziliense.com.br\/vicente\/?p=4116"},"modified":"2017-02-06T22:00:29","modified_gmt":"2017-02-07T00:00:29","slug":"jf-nega-irregularidades-em-negocios-da-eldorado","status":"publish","type":"post","link":"https:\/\/blogs.correiobraziliense.com.br\/vicente\/jf-nega-irregularidades-em-negocios-da-eldorado\/","title":{"rendered":"J&amp;F nega irregularidades em neg\u00f3cios da Eldorado"},"content":{"rendered":"<p>POR ANTONIO TEM\u00d3TEO<\/p>\n<p>&nbsp;<\/p>\n<p>Em nota, a J&amp;F informou que foi surpreendida com o pedido do Minist\u00e9rio P\u00fablico Federal (MPF) do Distrito Federal para bloquear bens e tirar Joesley Batista e Jose Carlos Grubisich da gest\u00e3o da J&amp;F e da Eldorado. A companhia definiu as den\u00fancias como &#8220;estapaf\u00fardias, infundadas e com car\u00e1ter de interesses pessoais de Max Mauran Pantoja da Costa&#8221;.<\/p>\n<p>&nbsp;<\/p>\n<p>Conforme a J&amp;F, Todas as decis\u00f5es s\u00e3o p\u00fablicas e foram tomadas pelo conselho de administra\u00e7\u00e3o da Eldorado, com a maioria dos votos de seus membros, incluindo os independentes, de acordo com o estatuto social da companhia e o acordo de acionistas.<\/p>\n<p>&nbsp;<\/p>\n<p>A J&amp;F informou que refuta todas a alega\u00e7\u00f5es irrespons\u00e1veis feitas por Pantoja e pedir\u00e1 ao MPF e ao juiz competente a oportunidade de provar a licitude, lealdade e boa f\u00e9 de todas decis\u00f5es tomadas no \u00e2mbito da empresa e do seu conselho de administra\u00e7\u00e3o, antes que tal ila\u00e7\u00e3o do conselheiro traga mais preju\u00edzo para a empresa, clientes, colaboradores e os executivos mencionados.<\/p>\n<p>&nbsp;<\/p>\n<p>&nbsp;<\/p>\n","protected":false},"excerpt":{"rendered":"<p>POR ANTONIO TEM\u00d3TEO &nbsp; Em nota, a J&amp;F informou que foi surpreendida com o pedido do Minist\u00e9rio P\u00fablico Federal (MPF) do Distrito Federal para bloquear bens e tirar Joesley Batista e Jose Carlos Grubisich da gest\u00e3o da J&amp;F e da Eldorado. A companhia definiu as den\u00fancias como &#8220;estapaf\u00fardias, infundadas e com car\u00e1ter de interesses pessoais [&hellip;]<\/p>\n","protected":false},"author":22,"featured_media":0,"comment_status":"open","ping_status":"closed","sticky":false,"template":"","format":"standard","meta":{"footnotes":""},"categories":[600],"tags":[],"class_list":["post-4116","post","type-post","status-publish","format-standard","hentry","category-economia"],"_links":{"self":[{"href":"https:\/\/blogs.correiobraziliense.com.br\/vicente\/wp-json\/wp\/v2\/posts\/4116","targetHints":{"allow":["GET"]}}],"collection":[{"href":"https:\/\/blogs.correiobraziliense.com.br\/vicente\/wp-json\/wp\/v2\/posts"}],"about":[{"href":"https:\/\/blogs.correiobraziliense.com.br\/vicente\/wp-json\/wp\/v2\/types\/post"}],"author":[{"embeddable":true,"href":"https:\/\/blogs.correiobraziliense.com.br\/vicente\/wp-json\/wp\/v2\/users\/22"}],"replies":[{"embeddable":true,"href":"https:\/\/blogs.correiobraziliense.com.br\/vicente\/wp-json\/wp\/v2\/comments?post=4116"}],"version-history":[{"count":1,"href":"https:\/\/blogs.correiobraziliense.com.br\/vicente\/wp-json\/wp\/v2\/posts\/4116\/revisions"}],"predecessor-version":[{"id":4117,"href":"https:\/\/blogs.correiobraziliense.com.br\/vicente\/wp-json\/wp\/v2\/posts\/4116\/revisions\/4117"}],"wp:attachment":[{"href":"https:\/\/blogs.correiobraziliense.com.br\/vicente\/wp-json\/wp\/v2\/media?parent=4116"}],"wp:term":[{"taxonomy":"category","embeddable":true,"href":"https:\/\/blogs.correiobraziliense.com.br\/vicente\/wp-json\/wp\/v2\/categories?post=4116"},{"taxonomy":"post_tag","embeddable":true,"href":"https:\/\/blogs.correiobraziliense.com.br\/vicente\/wp-json\/wp\/v2\/tags?post=4116"}],"curies":[{"name":"wp","href":"https:\/\/api.w.org\/{rel}","templated":true}]}}