{"id":4103,"date":"2017-02-03T12:34:37","date_gmt":"2017-02-03T14:34:37","guid":{"rendered":"https:\/\/blogs.correiobraziliense.com.br\/vicente\/?p=4103"},"modified":"2017-02-03T20:44:09","modified_gmt":"2017-02-03T22:44:09","slug":"funcionario-dos-correios-e-condenado-por-desviar-r-7-milhoes-de-planos-de-saude","status":"publish","type":"post","link":"https:\/\/blogs.correiobraziliense.com.br\/vicente\/funcionario-dos-correios-e-condenado-por-desviar-r-7-milhoes-de-planos-de-saude\/","title":{"rendered":"Funcion\u00e1rio dos Correios \u00e9 condenado por desviar R$ 7 milh\u00f5es de planos de sa\u00fade"},"content":{"rendered":"<p>A roubalheira nos Correios parece n\u00e3o ter fim. Depois de um grupo criminoso desviar bilh\u00f5es do Postalis, o fundo de pens\u00e3o dos carteiros, descobriu-se corrup\u00e7\u00e3o tamb\u00e9m no plano de sa\u00fade da empresa.<\/p>\n<p>&nbsp;<\/p>\n<p>A\u00a0Justi\u00e7a Federal condenou Marcos da Silva Esteves, ex-gerente de sa\u00fade dos Correios, e outros tr\u00eas funcion\u00e1rios da estatal, por peculato em um esquema de fraude que desviou mais de R$ 7 milh\u00f5es.<\/p>\n<p>&nbsp;<\/p>\n<p>Segundo a senten\u00e7a, o ex- gerente foi condenado a 14 anos, nove meses e 27 dias de reclus\u00e3o, em regime inicial fechado, al\u00e9m do pagamento de multa e ressarcimento do valor subtra\u00eddo (processo n\u00ba 0802188-07.2013.4.02.5101).<\/p>\n<p>&nbsp;<\/p>\n<p>Tamb\u00e9m foram condenados Jo\u00e3o Maur\u00edcio Gomes da Silva, com pena de dois anos em regime semiaberto, F\u00e1bio Wilson Fernandes P\u00f3voa e Amilton Oliveira Nascimento. A pena ser\u00e1 de tr\u00eas anos em regime semiaberto, al\u00e9m do pagamento de multa e do ressarcimento dos desvios. Todos perder\u00e3o o emprego p\u00fablico.<\/p>\n<p>&nbsp;<\/p>\n<p>No entender do procurador da Rep\u00fablica S\u00e9rgio Luiz Pinel, respons\u00e1vel pela opera\u00e7\u00e3o, &#8220;a senten\u00e7a proferida pelo ju\u00edzo da 3\u00aa Vara Federal Criminal do Rio de Janeiro foi muito bem fundamentada e atesta a exist\u00eancia de um esquema criminoso na ger\u00eancia de sa\u00fade dos Correios do Rio de Janeiro, desarticulado com a deflagra\u00e7\u00e3o da Opera\u00e7\u00e3o Titanium&#8221;. O esquema funcionou\u00a0entre agosto de 2011 e abril de 2013.<\/p>\n<p>&nbsp;<\/p>\n<p><em>Bras\u00edlia, 12h34min<\/em><\/p>\n","protected":false},"excerpt":{"rendered":"<p>A roubalheira nos Correios parece n\u00e3o ter fim. Depois de um grupo criminoso desviar bilh\u00f5es do Postalis, o fundo de pens\u00e3o dos carteiros, descobriu-se corrup\u00e7\u00e3o tamb\u00e9m no plano de sa\u00fade da empresa. &nbsp; A\u00a0Justi\u00e7a Federal condenou Marcos da Silva Esteves, ex-gerente de sa\u00fade dos Correios, e outros tr\u00eas funcion\u00e1rios da estatal, por peculato em um [&hellip;]<\/p>\n","protected":false},"author":22,"featured_media":0,"comment_status":"open","ping_status":"closed","sticky":false,"template":"","format":"standard","meta":{"footnotes":""},"categories":[600],"tags":[1365,1363,415,215,1809],"class_list":["post-4103","post","type-post","status-publish","format-standard","hentry","category-economia","tag-carteiros","tag-correios","tag-fraudes","tag-planos-de-saude","tag-roubalheira"],"_links":{"self":[{"href":"https:\/\/blogs.correiobraziliense.com.br\/vicente\/wp-json\/wp\/v2\/posts\/4103","targetHints":{"allow":["GET"]}}],"collection":[{"href":"https:\/\/blogs.correiobraziliense.com.br\/vicente\/wp-json\/wp\/v2\/posts"}],"about":[{"href":"https:\/\/blogs.correiobraziliense.com.br\/vicente\/wp-json\/wp\/v2\/types\/post"}],"author":[{"embeddable":true,"href":"https:\/\/blogs.correiobraziliense.com.br\/vicente\/wp-json\/wp\/v2\/users\/22"}],"replies":[{"embeddable":true,"href":"https:\/\/blogs.correiobraziliense.com.br\/vicente\/wp-json\/wp\/v2\/comments?post=4103"}],"version-history":[{"count":2,"href":"https:\/\/blogs.correiobraziliense.com.br\/vicente\/wp-json\/wp\/v2\/posts\/4103\/revisions"}],"predecessor-version":[{"id":4105,"href":"https:\/\/blogs.correiobraziliense.com.br\/vicente\/wp-json\/wp\/v2\/posts\/4103\/revisions\/4105"}],"wp:attachment":[{"href":"https:\/\/blogs.correiobraziliense.com.br\/vicente\/wp-json\/wp\/v2\/media?parent=4103"}],"wp:term":[{"taxonomy":"category","embeddable":true,"href":"https:\/\/blogs.correiobraziliense.com.br\/vicente\/wp-json\/wp\/v2\/categories?post=4103"},{"taxonomy":"post_tag","embeddable":true,"href":"https:\/\/blogs.correiobraziliense.com.br\/vicente\/wp-json\/wp\/v2\/tags?post=4103"}],"curies":[{"name":"wp","href":"https:\/\/api.w.org\/{rel}","templated":true}]}}