{"id":4099,"date":"2017-02-02T08:10:43","date_gmt":"2017-02-02T10:10:43","guid":{"rendered":"https:\/\/blogs.correiobraziliense.com.br\/vicente\/?p=4099"},"modified":"2017-02-02T09:15:48","modified_gmt":"2017-02-02T11:15:48","slug":"o-engodo-do-discurso-contra-politica-do-conteudo-local","status":"publish","type":"post","link":"https:\/\/blogs.correiobraziliense.com.br\/vicente\/o-engodo-do-discurso-contra-politica-do-conteudo-local\/","title":{"rendered":"O engodo do discurso contra a pol\u00edtica do conte\u00fado local"},"content":{"rendered":"<p>Enquanto as aten\u00e7\u00f5es do governo est\u00e3o todas voltadas para as elei\u00e7\u00f5es no Congresso e para a defini\u00e7\u00e3o do relator dos processos da Lava-Jato no Supremo Tribunal Federal (STF), empres\u00e1rios e trabalhadores se movimentam para barrar o projeto elaborado pelo Pal\u00e1cio do Planalto que muda a Pol\u00edtica de Conte\u00fado Local que rege a ind\u00fastria petrol\u00edfera.<\/p>\n<p>&nbsp;<\/p>\n<p><b>Distor\u00e7\u00e3o do Repetro<\/b><\/p>\n<p>&nbsp;<\/p>\n<p>\u00bb A meta \u00e9 mostrar que os problemas n\u00e3o est\u00e3o nas regras adotadas durante os governos petistas, mas em uma legisla\u00e7\u00e3o vigente desde 1999, o Repetro, baixada por Fernando Henrique Cardoso, que deu isen\u00e7\u00e3o total para a importa\u00e7\u00e3o de m\u00e1quinas e equipamentos pelas petroleiras. O Repetro vence em 2019 e o lobby por sua renova\u00e7\u00e3o \u00e9 liderado pela Petrobras.<\/p>\n<p>&nbsp;<\/p>\n<p><b>Meias verdades<\/b><\/p>\n<p>&nbsp;<\/p>\n<p>\u00bb O argumento dos que gritam contra o conte\u00fado local \u00e9 de que a obrigatoriedade de comprar pelo menos 59% de m\u00e1quinas e equipamentos no pa\u00eds resulta em um custo adicional de pelo menos 45% nos projetos. Isso, segundo essa corrente, inviabiliza qualquer empreendimento. Outra alega\u00e7\u00e3o \u00e9 de que faltam fornecedores, o que atrasa e encarece mais as obras.<\/p>\n<p>&nbsp;<\/p>\n<p><b>Erro de vis\u00e3o<\/b><\/p>\n<p>&nbsp;<\/p>\n<p>\u00bb \u00c9 verdade que, quando o pa\u00eds adotou o conte\u00fado local, o governo estava mais preocupado em criar uma forte demanda por m\u00e1quinas e equipamentos produzidos no Brasil. N\u00e3o se preocupou em estimular a oferta. Esse foi o grande erro, mas que pode ser corrigido por meio de uma pol\u00edtica s\u00e9ria de incentivos a investimentos.<\/p>\n<p>&nbsp;<\/p>\n<p><b>Ran\u00e7o ideol\u00f3gico<\/b><\/p>\n<p>&nbsp;<\/p>\n<p>\u00bb Acabar com o conte\u00fado local ou mesmo flexibiliz\u00e1-lo demais s\u00f3 estimular\u00e1 a importa\u00e7\u00e3o de maquin\u00e1rios estrangeiros, criando empregos fora do pa\u00eds. N\u00e3o se trata de ran\u00e7o ideol\u00f3gico, como diz o presidente da Petrobras, Pedro Parente, ao se referir aos que defendem a obrigatoriedade de se comprar produtos fabricados no pa\u00eds.<\/p>\n<p>&nbsp;<\/p>\n<p><b>Distor\u00e7\u00e3o total<\/b><\/p>\n<p>&nbsp;<\/p>\n<p>\u00bb O Repetro, que Parente defendeu com unhas e dentes no fim dos anos 1990, quando estava no governo FHC, foi importante naquele per\u00edodo, j\u00e1 que era urgente desenvolver a ind\u00fastria pretrol\u00edfera no Brasil. Agora, quase 20 anos depois, n\u00e3o faz mais sentido dar isen\u00e7\u00e3o total de impostos para m\u00e1quinas e equipamentos vindos de fora. Isso \u00e9 uma distor\u00e7\u00e3o total.<\/p>\n<p>&nbsp;<\/p>\n<p><i>Bras\u00edlia, 08h10min<\/i><\/p>\n","protected":false},"excerpt":{"rendered":"<p>Enquanto as aten\u00e7\u00f5es do governo est\u00e3o todas voltadas para as elei\u00e7\u00f5es no Congresso e para a defini\u00e7\u00e3o do relator dos processos da Lava-Jato no Supremo Tribunal Federal (STF), empres\u00e1rios e trabalhadores se movimentam para barrar o projeto elaborado pelo Pal\u00e1cio do Planalto que muda a Pol\u00edtica de Conte\u00fado Local que rege a ind\u00fastria petrol\u00edfera. &nbsp; [&hellip;]<\/p>\n","protected":false},"author":22,"featured_media":0,"comment_status":"open","ping_status":"closed","sticky":false,"template":"","format":"standard","meta":{"footnotes":""},"categories":[600],"tags":[1807,1808,494,634,228,1459,1805,1806],"class_list":["post-4099","post","type-post","status-publish","format-standard","hentry","category-economia","tag-distorcoes","tag-governos-petistas","tag-importacoes","tag-pedro-parente","tag-petrobras","tag-petroleo","tag-politica-de-conteudo-local","tag-repetro"],"_links":{"self":[{"href":"https:\/\/blogs.correiobraziliense.com.br\/vicente\/wp-json\/wp\/v2\/posts\/4099","targetHints":{"allow":["GET"]}}],"collection":[{"href":"https:\/\/blogs.correiobraziliense.com.br\/vicente\/wp-json\/wp\/v2\/posts"}],"about":[{"href":"https:\/\/blogs.correiobraziliense.com.br\/vicente\/wp-json\/wp\/v2\/types\/post"}],"author":[{"embeddable":true,"href":"https:\/\/blogs.correiobraziliense.com.br\/vicente\/wp-json\/wp\/v2\/users\/22"}],"replies":[{"embeddable":true,"href":"https:\/\/blogs.correiobraziliense.com.br\/vicente\/wp-json\/wp\/v2\/comments?post=4099"}],"version-history":[{"count":1,"href":"https:\/\/blogs.correiobraziliense.com.br\/vicente\/wp-json\/wp\/v2\/posts\/4099\/revisions"}],"predecessor-version":[{"id":4100,"href":"https:\/\/blogs.correiobraziliense.com.br\/vicente\/wp-json\/wp\/v2\/posts\/4099\/revisions\/4100"}],"wp:attachment":[{"href":"https:\/\/blogs.correiobraziliense.com.br\/vicente\/wp-json\/wp\/v2\/media?parent=4099"}],"wp:term":[{"taxonomy":"category","embeddable":true,"href":"https:\/\/blogs.correiobraziliense.com.br\/vicente\/wp-json\/wp\/v2\/categories?post=4099"},{"taxonomy":"post_tag","embeddable":true,"href":"https:\/\/blogs.correiobraziliense.com.br\/vicente\/wp-json\/wp\/v2\/tags?post=4099"}],"curies":[{"name":"wp","href":"https:\/\/api.w.org\/{rel}","templated":true}]}}