{"id":4093,"date":"2017-02-01T20:35:58","date_gmt":"2017-02-01T22:35:58","guid":{"rendered":"https:\/\/blogs.correiobraziliense.com.br\/vicente\/?p=4093"},"modified":"2017-02-01T21:39:12","modified_gmt":"2017-02-01T23:39:12","slug":"boletim-da-previdencia-como-ficarao-os-beneficios-de-prestacao-continuada-com-reforma","status":"publish","type":"post","link":"https:\/\/blogs.correiobraziliense.com.br\/vicente\/boletim-da-previdencia-como-ficarao-os-beneficios-de-prestacao-continuada-com-reforma\/","title":{"rendered":"Boletim da Previd\u00eancia: como ficar\u00e3o os benef\u00edcios de presta\u00e7\u00e3o continuada com a reforma"},"content":{"rendered":"<p>Veja as explica\u00e7\u00f5es da rep\u00f3rter Alessandra Azevedo sobre o impacto da reforma da Previd\u00eancia Social sobre os benef\u00edcio de presta\u00e7\u00e3o continuada (BPC).<\/p>\n<p>&nbsp;<\/p>\n<p><a href=\"https:\/\/youtu.be\/lafR37Mg5Go\">https:\/\/youtu.be\/lafR37Mg5Go<\/a><\/p>\n<p>&nbsp;<\/p>\n<p>Bras\u00edlia, 20h35min<\/p>\n","protected":false},"excerpt":{"rendered":"<p>Veja as explica\u00e7\u00f5es da rep\u00f3rter Alessandra Azevedo sobre o impacto da reforma da Previd\u00eancia Social sobre os benef\u00edcio de presta\u00e7\u00e3o continuada (BPC). &nbsp; &nbsp; Bras\u00edlia, 20h35min<\/p>\n","protected":false},"author":22,"featured_media":0,"comment_status":"open","ping_status":"closed","sticky":false,"template":"","format":"standard","meta":{"footnotes":""},"categories":[600],"tags":[1714,1801,1590,254,614],"class_list":["post-4093","post","type-post","status-publish","format-standard","hentry","category-economia","tag-alessandra-azevedo","tag-beneficios-de-prestacao-continuada","tag-boletim-da-previdencia","tag-congresso","tag-reforma"],"_links":{"self":[{"href":"https:\/\/blogs.correiobraziliense.com.br\/vicente\/wp-json\/wp\/v2\/posts\/4093","targetHints":{"allow":["GET"]}}],"collection":[{"href":"https:\/\/blogs.correiobraziliense.com.br\/vicente\/wp-json\/wp\/v2\/posts"}],"about":[{"href":"https:\/\/blogs.correiobraziliense.com.br\/vicente\/wp-json\/wp\/v2\/types\/post"}],"author":[{"embeddable":true,"href":"https:\/\/blogs.correiobraziliense.com.br\/vicente\/wp-json\/wp\/v2\/users\/22"}],"replies":[{"embeddable":true,"href":"https:\/\/blogs.correiobraziliense.com.br\/vicente\/wp-json\/wp\/v2\/comments?post=4093"}],"version-history":[{"count":1,"href":"https:\/\/blogs.correiobraziliense.com.br\/vicente\/wp-json\/wp\/v2\/posts\/4093\/revisions"}],"predecessor-version":[{"id":4095,"href":"https:\/\/blogs.correiobraziliense.com.br\/vicente\/wp-json\/wp\/v2\/posts\/4093\/revisions\/4095"}],"wp:attachment":[{"href":"https:\/\/blogs.correiobraziliense.com.br\/vicente\/wp-json\/wp\/v2\/media?parent=4093"}],"wp:term":[{"taxonomy":"category","embeddable":true,"href":"https:\/\/blogs.correiobraziliense.com.br\/vicente\/wp-json\/wp\/v2\/categories?post=4093"},{"taxonomy":"post_tag","embeddable":true,"href":"https:\/\/blogs.correiobraziliense.com.br\/vicente\/wp-json\/wp\/v2\/tags?post=4093"}],"curies":[{"name":"wp","href":"https:\/\/api.w.org\/{rel}","templated":true}]}}