{"id":4064,"date":"2017-01-31T08:50:45","date_gmt":"2017-01-31T10:50:45","guid":{"rendered":"https:\/\/blogs.correiobraziliense.com.br\/vicente\/?p=4064"},"modified":"2017-01-31T09:06:13","modified_gmt":"2017-01-31T11:06:13","slug":"ha-uma-bomba-prestes-explodir-na-policia-civil-do-df","status":"publish","type":"post","link":"https:\/\/blogs.correiobraziliense.com.br\/vicente\/ha-uma-bomba-prestes-explodir-na-policia-civil-do-df\/","title":{"rendered":"H\u00e1 uma bomba prestes a explodir na Pol\u00edcia Civil do DF"},"content":{"rendered":"<p>Est\u00e1 para estourar um grande esc\u00e2ndalo na Pol\u00edcia Civil do Distrito Federal. Um cacique da corpora\u00e7\u00e3o foi apanhado ao cometer uma s\u00e9rie de irregularidades.<\/p>\n<p>&nbsp;<\/p>\n<p><b>Forma\u00e7\u00e3o de quadrilha<\/b><\/p>\n<p>&nbsp;<\/p>\n<p>\u00bb O policial \u00e9 acusado de favorecer Luiz Estev\u00e3o, que est\u00e1 preso na Papuda, de prevarica\u00e7\u00e3o, de forma\u00e7\u00e3o de quadrilha e de conceder benef\u00edcios a pol\u00edticos.<\/p>\n<p>&nbsp;<\/p>\n<p><b>Esquema gigante<\/b><\/p>\n<p>&nbsp;<\/p>\n<p>\u00bb A secret\u00e1ria de Seguran\u00e7a e da Paz Social do DF, M\u00e1rcia Alencar, j\u00e1 foi colocada a par de tudo. Mas ainda n\u00e3o teve coragem de tomar as devidas provid\u00eancias diante da magnitude do esquema.<\/p>\n<p>&nbsp;<\/p>\n<p><i>Bras\u00edlia, 08h50min<\/i><\/p>\n","protected":false},"excerpt":{"rendered":"<p>Est\u00e1 para estourar um grande esc\u00e2ndalo na Pol\u00edcia Civil do Distrito Federal. Um cacique da corpora\u00e7\u00e3o foi apanhado ao cometer uma s\u00e9rie de irregularidades. &nbsp; Forma\u00e7\u00e3o de quadrilha &nbsp; \u00bb O policial \u00e9 acusado de favorecer Luiz Estev\u00e3o, que est\u00e1 preso na Papuda, de prevarica\u00e7\u00e3o, de forma\u00e7\u00e3o de quadrilha e de conceder benef\u00edcios a pol\u00edticos. [&hellip;]<\/p>\n","protected":false},"author":22,"featured_media":0,"comment_status":"open","ping_status":"closed","sticky":false,"template":"","format":"standard","meta":{"footnotes":""},"categories":[600],"tags":[1787,255,1785,1786,1788,1784],"class_list":["post-4064","post","type-post","status-publish","format-standard","hentry","category-economia","tag-ao","tag-corrupcao","tag-esquema-gigante-de-favorecimento","tag-luiz-esteva","tag-marcia-de-alencar","tag-policia-civil-do-distrito-federal"],"_links":{"self":[{"href":"https:\/\/blogs.correiobraziliense.com.br\/vicente\/wp-json\/wp\/v2\/posts\/4064","targetHints":{"allow":["GET"]}}],"collection":[{"href":"https:\/\/blogs.correiobraziliense.com.br\/vicente\/wp-json\/wp\/v2\/posts"}],"about":[{"href":"https:\/\/blogs.correiobraziliense.com.br\/vicente\/wp-json\/wp\/v2\/types\/post"}],"author":[{"embeddable":true,"href":"https:\/\/blogs.correiobraziliense.com.br\/vicente\/wp-json\/wp\/v2\/users\/22"}],"replies":[{"embeddable":true,"href":"https:\/\/blogs.correiobraziliense.com.br\/vicente\/wp-json\/wp\/v2\/comments?post=4064"}],"version-history":[{"count":1,"href":"https:\/\/blogs.correiobraziliense.com.br\/vicente\/wp-json\/wp\/v2\/posts\/4064\/revisions"}],"predecessor-version":[{"id":4065,"href":"https:\/\/blogs.correiobraziliense.com.br\/vicente\/wp-json\/wp\/v2\/posts\/4064\/revisions\/4065"}],"wp:attachment":[{"href":"https:\/\/blogs.correiobraziliense.com.br\/vicente\/wp-json\/wp\/v2\/media?parent=4064"}],"wp:term":[{"taxonomy":"category","embeddable":true,"href":"https:\/\/blogs.correiobraziliense.com.br\/vicente\/wp-json\/wp\/v2\/categories?post=4064"},{"taxonomy":"post_tag","embeddable":true,"href":"https:\/\/blogs.correiobraziliense.com.br\/vicente\/wp-json\/wp\/v2\/tags?post=4064"}],"curies":[{"name":"wp","href":"https:\/\/api.w.org\/{rel}","templated":true}]}}