{"id":4062,"date":"2017-01-31T05:10:19","date_gmt":"2017-01-31T07:10:19","guid":{"rendered":"https:\/\/blogs.correiobraziliense.com.br\/vicente\/?p=4062"},"modified":"2017-01-31T07:45:30","modified_gmt":"2017-01-31T09:45:30","slug":"eike-simboliza-o-pais-em-ruinas","status":"publish","type":"post","link":"https:\/\/blogs.correiobraziliense.com.br\/vicente\/eike-simboliza-o-pais-em-ruinas\/","title":{"rendered":"Eike simboliza o pa\u00eds em ru\u00ednas"},"content":{"rendered":"<p>A imagem de Eike Batista de cabe\u00e7a raspada, vestindo roupa de presidi\u00e1rio, sendo conduzido para Bangu, \u00e9 o retrato mais cruel de um Brasil fracassado. O empres\u00e1rio foi o s\u00edmbolo mais portentoso do pa\u00eds que d\u00e1 certo. Incensado pela m\u00eddia e pelos poderosos, tornou-se o modelo de sucesso a ser perseguido por pessoas de v\u00e1rias gera\u00e7\u00f5es. Esse Eike foi constru\u00eddo num per\u00edodo em que o Brasil crescia a taxas expressivas e ganhava a fama de nova pot\u00eancia econ\u00f4mica. Nada mais falso.<\/p>\n<p>&nbsp;<\/p>\n<p>A liga\u00e7\u00e3o entre Eike e o pa\u00eds foi t\u00e3o forte que ru\u00edram juntos. O Brasil, nos governos petistas, optou por pol\u00edticas populistas para estimular o crescimento. Incentivou o endividamento das fam\u00edlias, gastou recursos p\u00fablicos como se os cofres da Uni\u00e3o n\u00e3o tivessem fundo, construiu um sistema de poder sustentado por um esquema de corrup\u00e7\u00e3o sem precedentes e, para arrematar, elegeu um grupo de poucos empres\u00e1rios que seriam agraciados com linhas de cr\u00e9dito a juros camaradas, desde, \u00e9 claro, que se dispusessem a pagar gordas propinas. Eike era a estrela mais reluzente dos campe\u00f5es nacionais.<\/p>\n<p>&nbsp;<\/p>\n<p>A farsa durou muito. Lula conseguiu a reelei\u00e7\u00e3o e ainda fez sua sucessora, Dilma Rousseff. Eike, conhecido at\u00e9 ent\u00e3o por desfilar nas colunas sociais acompanhado de belas modelos, entre elas, Luma de Oliveira, com quem casaria, chegou ao posto de s\u00e9timo homem mais rico do planeta. Se o pa\u00eds tivesse qualquer problema, l\u00e1 aparecia ele, Eike Batista, para apresentar as solu\u00e7\u00f5es. \u00c0 medida que surgia como salvador da p\u00e1tria, mais o empres\u00e1rio engordava o patrim\u00f4nio. Bastava lan\u00e7ar uma empresa com a letra X e vender as a\u00e7\u00f5es em bolsas de valores para multiplicar a conta-corrente.<\/p>\n<p>&nbsp;<\/p>\n<p>Assim como o modelo de crescimento do pa\u00eds se esgotou, o sonho de grandeza de Eike se desfez. O Brasil afundou na recess\u00e3o e no desemprego e o empres\u00e1rio viu seu patrim\u00f4nio virar p\u00f3 \u2014 na verdade, o patrim\u00f4nio daqueles que acreditaram no vendedor de ilus\u00f5es, pois ele, Eike, continuou desfrutando de boa vida. Afinal, azar de quem acreditou na sua l\u00e1bia convincente e no sonho de um pa\u00eds melhor, menos desigual, com oportunidades para todos.<\/p>\n<p>&nbsp;<\/p>\n<p><b>Farra da corrup\u00e7\u00e3o<\/b><\/p>\n<p>&nbsp;<\/p>\n<p>O desmonte da farsa brasileira foi poss\u00edvel gra\u00e7as \u00e0 Lava-Jato. Uma opera\u00e7\u00e3o que come\u00e7ou de forma t\u00edmida, num posto de gasolina de Bras\u00edlia, revelou toda a roubalheira que devastou a Petrobras. Mais do que isso, desvendou uma quadrilha que tomou de assalto todas as esferas de governo, sendo o Rio de Janeiro o caso mais impressionante. Eike, empreiteiras e o e o ex-governador S\u00e9rgio Cabral sustentaram uma farra vergonhosa com dinheiro p\u00fablico, cuja fatura caiu no colo de servidores e aposentados do estado, que levaram calote em sal\u00e1rios e benef\u00edcios, e da popula\u00e7\u00e3o, ao ser privada de servi\u00e7os essenciais, como sa\u00fade, educa\u00e7\u00e3o e seguran\u00e7a.<\/p>\n<p>&nbsp;<\/p>\n<p>Na cela que ocupa desde ontem em Bangu 9, Eike ter\u00e1 tempo de sobra para refletir e dar sua verdadeira contribui\u00e7\u00e3o ao pa\u00eds. Sem os confetes da m\u00eddia e dos bajuladores de plant\u00e3o, poder\u00e1 abrir todo o esquema de corrup\u00e7\u00e3o que sustentou para enganar multid\u00f5es e surrupiar os cofres p\u00fablicos. N\u00e3o h\u00e1 como dissociar o empres\u00e1rio do Banco Nacional de Desenvolvimento Econ\u00f4mico e Social (BNDES), que, por v\u00e1rios anos, irrigou o caixa das companhias do grupo X.<\/p>\n<p>&nbsp;<\/p>\n<p>Tudo indica que Eike est\u00e1 disposto a falar. Antes de ser preso, ele disse, no aeroporto de Nova York, que o Brasil que est\u00e1 nascendo agora ser\u00e1 muito melhor. Afirmou que o trabalho realizado pela Pol\u00edcia Federal e pelo Minist\u00e9rio P\u00fablico \u00e9 \u201cespetacular\u201d. Ele sabe que, atr\u00e1s das grades, muito distante do glamour que sempre ostentou, n\u00e3o h\u00e1 espa\u00e7o para blefes. O Eike presidi\u00e1rio virou uma amea\u00e7a real para os poderosos, os quais, sem constrangimento, ele comprou.<\/p>\n<p>&nbsp;<\/p>\n<p><i>Bras\u00edlia, 05h10min<\/i><\/p>\n","protected":false},"excerpt":{"rendered":"<p>A imagem de Eike Batista de cabe\u00e7a raspada, vestindo roupa de presidi\u00e1rio, sendo conduzido para Bangu, \u00e9 o retrato mais cruel de um Brasil fracassado. O empres\u00e1rio foi o s\u00edmbolo mais portentoso do pa\u00eds que d\u00e1 certo. Incensado pela m\u00eddia e pelos poderosos, tornou-se o modelo de sucesso a ser perseguido por pessoas de v\u00e1rias [&hellip;]<\/p>\n","protected":false},"author":22,"featured_media":0,"comment_status":"open","ping_status":"closed","sticky":false,"template":"","format":"standard","meta":{"footnotes":""},"categories":[600],"tags":[255,1271,41,351,1783],"class_list":["post-4062","post","type-post","status-publish","format-standard","hentry","category-economia","tag-corrupcao","tag-eike-batista","tag-lava-jato","tag-prisao","tag-ruina-de-um-pais"],"_links":{"self":[{"href":"https:\/\/blogs.correiobraziliense.com.br\/vicente\/wp-json\/wp\/v2\/posts\/4062","targetHints":{"allow":["GET"]}}],"collection":[{"href":"https:\/\/blogs.correiobraziliense.com.br\/vicente\/wp-json\/wp\/v2\/posts"}],"about":[{"href":"https:\/\/blogs.correiobraziliense.com.br\/vicente\/wp-json\/wp\/v2\/types\/post"}],"author":[{"embeddable":true,"href":"https:\/\/blogs.correiobraziliense.com.br\/vicente\/wp-json\/wp\/v2\/users\/22"}],"replies":[{"embeddable":true,"href":"https:\/\/blogs.correiobraziliense.com.br\/vicente\/wp-json\/wp\/v2\/comments?post=4062"}],"version-history":[{"count":1,"href":"https:\/\/blogs.correiobraziliense.com.br\/vicente\/wp-json\/wp\/v2\/posts\/4062\/revisions"}],"predecessor-version":[{"id":4063,"href":"https:\/\/blogs.correiobraziliense.com.br\/vicente\/wp-json\/wp\/v2\/posts\/4062\/revisions\/4063"}],"wp:attachment":[{"href":"https:\/\/blogs.correiobraziliense.com.br\/vicente\/wp-json\/wp\/v2\/media?parent=4062"}],"wp:term":[{"taxonomy":"category","embeddable":true,"href":"https:\/\/blogs.correiobraziliense.com.br\/vicente\/wp-json\/wp\/v2\/categories?post=4062"},{"taxonomy":"post_tag","embeddable":true,"href":"https:\/\/blogs.correiobraziliense.com.br\/vicente\/wp-json\/wp\/v2\/tags?post=4062"}],"curies":[{"name":"wp","href":"https:\/\/api.w.org\/{rel}","templated":true}]}}