{"id":4060,"date":"2017-01-30T11:57:56","date_gmt":"2017-01-30T13:57:56","guid":{"rendered":"https:\/\/blogs.correiobraziliense.com.br\/vicente\/?p=4060"},"modified":"2017-01-30T11:57:56","modified_gmt":"2017-01-30T13:57:56","slug":"fundos-de-pensao-acumulam-deficit-de-r-806-bilhoes-ate-novembro","status":"publish","type":"post","link":"https:\/\/blogs.correiobraziliense.com.br\/vicente\/fundos-de-pensao-acumulam-deficit-de-r-806-bilhoes-ate-novembro\/","title":{"rendered":"Fundos de pens\u00e3o acumulam deficit de R$ 80,6 bilh\u00f5es at\u00e9 novembro"},"content":{"rendered":"<p>POR ANTONIO TEM\u00d3TEO<\/p>\n<p>&nbsp;<\/p>\n<p>Os fundos de pens\u00e3o acumulam deficit de R$ 80,6 bilh\u00f5es at\u00e9 novembro de 2016, conforme dados da Associa\u00e7\u00e3o Brasileira das Entidades Fechadas de Previd\u00eancia Complementar (Abrapp). O resultado negativo \u00e9 registrado por 82 funda\u00e7\u00f5es.<\/p>\n<p>&nbsp;<\/p>\n<p>Apesar disso, 137 fundos de pens\u00e3o acumulam superativ de R$ 19,1 bilh\u00f5es. Com a crise econ\u00f4mica e juros em alta, as entidades fechadas de previd\u00eancia complementar adotaram uma postura cautelosa e aplicaram R$ 71,6% do seu patrim\u00f4nio em renda renda fixa.<\/p>\n<p>&nbsp;<\/p>\n<p>At\u00e9 novembro, as funda\u00e7\u00f5es possu\u00edam R$ 754,5 bilh\u00f5es de ativos. Desse total, somente 18,8% estavam aplicados em renda vari\u00e1vel.<\/p>\n","protected":false},"excerpt":{"rendered":"<p>POR ANTONIO TEM\u00d3TEO &nbsp; Os fundos de pens\u00e3o acumulam deficit de R$ 80,6 bilh\u00f5es at\u00e9 novembro de 2016, conforme dados da Associa\u00e7\u00e3o Brasileira das Entidades Fechadas de Previd\u00eancia Complementar (Abrapp). O resultado negativo \u00e9 registrado por 82 funda\u00e7\u00f5es. &nbsp; Apesar disso, 137 fundos de pens\u00e3o acumulam superativ de R$ 19,1 bilh\u00f5es. Com a crise econ\u00f4mica [&hellip;]<\/p>\n","protected":false},"author":22,"featured_media":0,"comment_status":"open","ping_status":"closed","sticky":false,"template":"","format":"standard","meta":{"footnotes":""},"categories":[600],"tags":[193,76,1781,1782,1780],"class_list":["post-4060","post","type-post","status-publish","format-standard","hentry","category-economia","tag-abrapp","tag-deficit","tag-renda-fixa","tag-renda-variavel","tag-superavit"],"_links":{"self":[{"href":"https:\/\/blogs.correiobraziliense.com.br\/vicente\/wp-json\/wp\/v2\/posts\/4060","targetHints":{"allow":["GET"]}}],"collection":[{"href":"https:\/\/blogs.correiobraziliense.com.br\/vicente\/wp-json\/wp\/v2\/posts"}],"about":[{"href":"https:\/\/blogs.correiobraziliense.com.br\/vicente\/wp-json\/wp\/v2\/types\/post"}],"author":[{"embeddable":true,"href":"https:\/\/blogs.correiobraziliense.com.br\/vicente\/wp-json\/wp\/v2\/users\/22"}],"replies":[{"embeddable":true,"href":"https:\/\/blogs.correiobraziliense.com.br\/vicente\/wp-json\/wp\/v2\/comments?post=4060"}],"version-history":[{"count":1,"href":"https:\/\/blogs.correiobraziliense.com.br\/vicente\/wp-json\/wp\/v2\/posts\/4060\/revisions"}],"predecessor-version":[{"id":4061,"href":"https:\/\/blogs.correiobraziliense.com.br\/vicente\/wp-json\/wp\/v2\/posts\/4060\/revisions\/4061"}],"wp:attachment":[{"href":"https:\/\/blogs.correiobraziliense.com.br\/vicente\/wp-json\/wp\/v2\/media?parent=4060"}],"wp:term":[{"taxonomy":"category","embeddable":true,"href":"https:\/\/blogs.correiobraziliense.com.br\/vicente\/wp-json\/wp\/v2\/categories?post=4060"},{"taxonomy":"post_tag","embeddable":true,"href":"https:\/\/blogs.correiobraziliense.com.br\/vicente\/wp-json\/wp\/v2\/tags?post=4060"}],"curies":[{"name":"wp","href":"https:\/\/api.w.org\/{rel}","templated":true}]}}