{"id":4052,"date":"2017-01-27T16:10:36","date_gmt":"2017-01-27T18:10:36","guid":{"rendered":"https:\/\/blogs.correiobraziliense.com.br\/vicente\/?p=4052"},"modified":"2017-01-27T22:19:04","modified_gmt":"2017-01-28T00:19:04","slug":"previc-diz-que-intervencao-na-geap-esta-no-fim","status":"publish","type":"post","link":"https:\/\/blogs.correiobraziliense.com.br\/vicente\/previc-diz-que-intervencao-na-geap-esta-no-fim\/","title":{"rendered":"Previc diz que interven\u00e7\u00e3o na Geap est\u00e1 no fim"},"content":{"rendered":"<p>A Superintend\u00eancia Nacional de Previd\u00eancia Complementar (Previc) garante que, depois de quase quatro anos sob interven\u00e7\u00e3o, a Geap Previd\u00eancia est\u00e1 muito perto de ser devolvida a seus participantes. Isso deve ocorrer em, no m\u00e1ximo, dois meses, depois de encerrado o processo eleitoral na funda\u00e7\u00e3o.<\/p>\n<p>&nbsp;<\/p>\n<p>A Geap Previd\u00eancia, supervisionada pela Previc, teve, no ano passado , superavit de R$ 810 milh\u00f5es, o que refor\u00e7a que o processo de saneamento deu resultados.<\/p>\n<p>&nbsp;<\/p>\n<p>A Previc informa que \u00e9 respons\u00e1vel apenas pela Geap Previd\u00eancia. No caso da Geap Sa\u00fade, que administra os conv\u00eanios m\u00e9dicos dos servidores, a responsabilidade pela fiscaliza\u00e7\u00e3o est\u00e1 a cargo da Ag\u00eancia Nacional de Sa\u00fade Suplementar (ANS).<\/p>\n<p>&nbsp;<\/p>\n<p><em>Bras\u00edlia, 16h10min<\/em><\/p>\n<p>&nbsp;<\/p>\n","protected":false},"excerpt":{"rendered":"<p>A Superintend\u00eancia Nacional de Previd\u00eancia Complementar (Previc) garante que, depois de quase quatro anos sob interven\u00e7\u00e3o, a Geap Previd\u00eancia est\u00e1 muito perto de ser devolvida a seus participantes. Isso deve ocorrer em, no m\u00e1ximo, dois meses, depois de encerrado o processo eleitoral na funda\u00e7\u00e3o. &nbsp; A Geap Previd\u00eancia, supervisionada pela Previc, teve, no ano passado [&hellip;]<\/p>\n","protected":false},"author":22,"featured_media":0,"comment_status":"open","ping_status":"closed","sticky":false,"template":"","format":"standard","meta":{"footnotes":""},"categories":[600],"tags":[1771,1772,710,1773,251],"class_list":["post-4052","post","type-post","status-publish","format-standard","hentry","category-economia","tag-geap-previdencia","tag-geap-saude","tag-intervencao","tag-planos-de-saude-dos-servidores","tag-previc"],"_links":{"self":[{"href":"https:\/\/blogs.correiobraziliense.com.br\/vicente\/wp-json\/wp\/v2\/posts\/4052","targetHints":{"allow":["GET"]}}],"collection":[{"href":"https:\/\/blogs.correiobraziliense.com.br\/vicente\/wp-json\/wp\/v2\/posts"}],"about":[{"href":"https:\/\/blogs.correiobraziliense.com.br\/vicente\/wp-json\/wp\/v2\/types\/post"}],"author":[{"embeddable":true,"href":"https:\/\/blogs.correiobraziliense.com.br\/vicente\/wp-json\/wp\/v2\/users\/22"}],"replies":[{"embeddable":true,"href":"https:\/\/blogs.correiobraziliense.com.br\/vicente\/wp-json\/wp\/v2\/comments?post=4052"}],"version-history":[{"count":1,"href":"https:\/\/blogs.correiobraziliense.com.br\/vicente\/wp-json\/wp\/v2\/posts\/4052\/revisions"}],"predecessor-version":[{"id":4053,"href":"https:\/\/blogs.correiobraziliense.com.br\/vicente\/wp-json\/wp\/v2\/posts\/4052\/revisions\/4053"}],"wp:attachment":[{"href":"https:\/\/blogs.correiobraziliense.com.br\/vicente\/wp-json\/wp\/v2\/media?parent=4052"}],"wp:term":[{"taxonomy":"category","embeddable":true,"href":"https:\/\/blogs.correiobraziliense.com.br\/vicente\/wp-json\/wp\/v2\/categories?post=4052"},{"taxonomy":"post_tag","embeddable":true,"href":"https:\/\/blogs.correiobraziliense.com.br\/vicente\/wp-json\/wp\/v2\/tags?post=4052"}],"curies":[{"name":"wp","href":"https:\/\/api.w.org\/{rel}","templated":true}]}}