{"id":4050,"date":"2017-01-27T10:30:57","date_gmt":"2017-01-27T12:30:57","guid":{"rendered":"https:\/\/blogs.correiobraziliense.com.br\/vicente\/?p=4050"},"modified":"2017-01-27T11:54:59","modified_gmt":"2017-01-27T13:54:59","slug":"previc-prorroga-intervencao-na-geap-que-administra-plano-de-saude-de-servidores","status":"publish","type":"post","link":"https:\/\/blogs.correiobraziliense.com.br\/vicente\/previc-prorroga-intervencao-na-geap-que-administra-plano-de-saude-de-servidores\/","title":{"rendered":"Previc prorroga a interven\u00e7\u00e3o na Geap, que administra plano de sa\u00fade de servidores"},"content":{"rendered":"<p>A Previc, \u00f3rg\u00e3o respons\u00e1vel por regular e fiscalizar o sistema fechado de previd\u00eancia complementar, prorrogou, hoje, por mais dois meses, a interven\u00e7\u00e3o na Geap, funda\u00e7\u00e3o de administra os planos de sa\u00fade dos servidores p\u00fablicos.<\/p>\n<p>&nbsp;<\/p>\n<p>A situa\u00e7\u00e3o da Geap ainda \u00e9 considerada delicada, devido ao enorme rombo que acumula. O buraco j\u00e1 chegou a superar os R$ 300 milh\u00f5es, devido \u00e0 m\u00e1 gest\u00e3o e ao aparelhamento pol\u00edtico ao qual a institui\u00e7\u00e3o foi submetida. Primeiro, a Geap foi entregue ao PT. Agora, est\u00e1 dominada pelo PP. Os dois partidos est\u00e3o envolvidos at\u00e9 o pesco\u00e7o com a Lava-Jato.<\/p>\n<p>&nbsp;<\/p>\n<p>A interven\u00e7\u00e3o da Previc na Geap vem desde 2013. Ou seja, quatro anos depois a funda\u00e7\u00e3o ainda est\u00e1 mergulhado mo atoleiro.<\/p>\n<p>&nbsp;<\/p>\n<p><i>Bras\u00edlia, 10h30min<\/i><\/p>\n<p>&nbsp;<\/p>\n<p>&nbsp;<\/p>\n","protected":false},"excerpt":{"rendered":"<p>A Previc, \u00f3rg\u00e3o respons\u00e1vel por regular e fiscalizar o sistema fechado de previd\u00eancia complementar, prorrogou, hoje, por mais dois meses, a interven\u00e7\u00e3o na Geap, funda\u00e7\u00e3o de administra os planos de sa\u00fade dos servidores p\u00fablicos. &nbsp; A situa\u00e7\u00e3o da Geap ainda \u00e9 considerada delicada, devido ao enorme rombo que acumula. O buraco j\u00e1 chegou a superar [&hellip;]<\/p>\n","protected":false},"author":22,"featured_media":0,"comment_status":"open","ping_status":"closed","sticky":false,"template":"","format":"standard","meta":{"footnotes":""},"categories":[600],"tags":[1769,262,710,525,251,422,1770],"class_list":["post-4050","post","type-post","status-publish","format-standard","hentry","category-economia","tag-aparelhamento-politico","tag-geap","tag-intervencao","tag-pp","tag-previc","tag-pt","tag-rombo-milionario"],"_links":{"self":[{"href":"https:\/\/blogs.correiobraziliense.com.br\/vicente\/wp-json\/wp\/v2\/posts\/4050","targetHints":{"allow":["GET"]}}],"collection":[{"href":"https:\/\/blogs.correiobraziliense.com.br\/vicente\/wp-json\/wp\/v2\/posts"}],"about":[{"href":"https:\/\/blogs.correiobraziliense.com.br\/vicente\/wp-json\/wp\/v2\/types\/post"}],"author":[{"embeddable":true,"href":"https:\/\/blogs.correiobraziliense.com.br\/vicente\/wp-json\/wp\/v2\/users\/22"}],"replies":[{"embeddable":true,"href":"https:\/\/blogs.correiobraziliense.com.br\/vicente\/wp-json\/wp\/v2\/comments?post=4050"}],"version-history":[{"count":1,"href":"https:\/\/blogs.correiobraziliense.com.br\/vicente\/wp-json\/wp\/v2\/posts\/4050\/revisions"}],"predecessor-version":[{"id":4051,"href":"https:\/\/blogs.correiobraziliense.com.br\/vicente\/wp-json\/wp\/v2\/posts\/4050\/revisions\/4051"}],"wp:attachment":[{"href":"https:\/\/blogs.correiobraziliense.com.br\/vicente\/wp-json\/wp\/v2\/media?parent=4050"}],"wp:term":[{"taxonomy":"category","embeddable":true,"href":"https:\/\/blogs.correiobraziliense.com.br\/vicente\/wp-json\/wp\/v2\/categories?post=4050"},{"taxonomy":"post_tag","embeddable":true,"href":"https:\/\/blogs.correiobraziliense.com.br\/vicente\/wp-json\/wp\/v2\/tags?post=4050"}],"curies":[{"name":"wp","href":"https:\/\/api.w.org\/{rel}","templated":true}]}}