{"id":4048,"date":"2017-01-26T12:01:02","date_gmt":"2017-01-26T14:01:02","guid":{"rendered":"https:\/\/blogs.correiobraziliense.com.br\/vicente\/?p=4048"},"modified":"2017-01-26T13:12:06","modified_gmt":"2017-01-26T15:12:06","slug":"com-pezao-sob-suspeita-socorro-do-governo-federal-ao-rio-tem-legitimidade-questionada","status":"publish","type":"post","link":"https:\/\/blogs.correiobraziliense.com.br\/vicente\/com-pezao-sob-suspeita-socorro-do-governo-federal-ao-rio-tem-legitimidade-questionada\/","title":{"rendered":"Com Pez\u00e3o sob suspeita, socorro do governo federal ao Rio tem legitimidade questionada"},"content":{"rendered":"<p>Ainda n\u00e3o h\u00e1 nada provado contra o governador do Rio de Janeiro, Luiz Fernando Pez\u00e3o, mas as novas investiga\u00e7\u00f5es da Lava-Jato, que levaram ao pedido de pris\u00e3o de Eike Batista, indicam uma contamina\u00e7\u00e3o total da corrup\u00e7\u00e3o no governo fluminense.<\/p>\n<p>&nbsp;<\/p>\n<p>Com isso, gente importante do governo federal vem \u00a0questionando a legitimidade do acordo de renegocia\u00e7\u00e3o de d\u00edvidas que o Minist\u00e9rio da Fazenda est\u00e1 fechando com o Rio. Por baixo, o socorro deve movimentar R$ 12 bilh\u00f5es.<\/p>\n<p>&nbsp;<\/p>\n<p>Pez\u00e3o faz parte do grupo pol\u00edtico do ex-governador S\u00e9rgio Cabral, que est\u00e1 preso em Bangu, mas teve hoje mais dois pedidos de pris\u00e3o expedidos contra ele dentro da Opera\u00e7\u00e3o Efici\u00eancia. A pergunta que t\u00e9cnicos do governo federal est\u00e3o se fazendo \u00e9 se Pez\u00e3o tem idoneidade para receber ajuda do Tesouro Nacional. Ser\u00e1 que ele dar\u00e1 o destino correto ao dinheiro repassado pelos confres p\u00fablicos?<\/p>\n<p>&nbsp;<\/p>\n<p>A Pol\u00edcia Federal e o Minist\u00e9rio P\u00fablico afirmaram hoje que Pez\u00e3o n\u00e3o \u00e9 alvo de investiga\u00e7\u00f5es. Por enquanto. Mas \u00e9 dif\u00edcil acreditar que toda a roubalheira comandada por Cabral, tendo Pez\u00e3o \u00e0 \u00e9poca com vice-governador, teria ocorrido sem que ele n\u00e3o soubesse.<\/p>\n<p>&nbsp;<\/p>\n<p>A Fazenda ter\u00e1 que usar bons argumentos para justificar o socorro ao Rio e dar garantias de que n\u00e3o haver\u00e1 desvios de recursos.<\/p>\n<p>&nbsp;<\/p>\n<p>&nbsp;<\/p>\n","protected":false},"excerpt":{"rendered":"<p>Ainda n\u00e3o h\u00e1 nada provado contra o governador do Rio de Janeiro, Luiz Fernando Pez\u00e3o, mas as novas investiga\u00e7\u00f5es da Lava-Jato, que levaram ao pedido de pris\u00e3o de Eike Batista, indicam uma contamina\u00e7\u00e3o total da corrup\u00e7\u00e3o no governo fluminense. &nbsp; Com isso, gente importante do governo federal vem \u00a0questionando a legitimidade do acordo de renegocia\u00e7\u00e3o [&hellip;]<\/p>\n","protected":false},"author":22,"featured_media":0,"comment_status":"open","ping_status":"closed","sticky":false,"template":"","format":"standard","meta":{"footnotes":""},"categories":[600],"tags":[1271,1768,1481,19,1767,121],"class_list":["post-4048","post","type-post","status-publish","format-standard","hentry","category-economia","tag-eike-batista","tag-legitimidade","tag-luiz-fernando-pezao","tag-ministerio-da-fazenda","tag-renegociacao-de-dividas","tag-tesouro-nacional"],"_links":{"self":[{"href":"https:\/\/blogs.correiobraziliense.com.br\/vicente\/wp-json\/wp\/v2\/posts\/4048","targetHints":{"allow":["GET"]}}],"collection":[{"href":"https:\/\/blogs.correiobraziliense.com.br\/vicente\/wp-json\/wp\/v2\/posts"}],"about":[{"href":"https:\/\/blogs.correiobraziliense.com.br\/vicente\/wp-json\/wp\/v2\/types\/post"}],"author":[{"embeddable":true,"href":"https:\/\/blogs.correiobraziliense.com.br\/vicente\/wp-json\/wp\/v2\/users\/22"}],"replies":[{"embeddable":true,"href":"https:\/\/blogs.correiobraziliense.com.br\/vicente\/wp-json\/wp\/v2\/comments?post=4048"}],"version-history":[{"count":1,"href":"https:\/\/blogs.correiobraziliense.com.br\/vicente\/wp-json\/wp\/v2\/posts\/4048\/revisions"}],"predecessor-version":[{"id":4049,"href":"https:\/\/blogs.correiobraziliense.com.br\/vicente\/wp-json\/wp\/v2\/posts\/4048\/revisions\/4049"}],"wp:attachment":[{"href":"https:\/\/blogs.correiobraziliense.com.br\/vicente\/wp-json\/wp\/v2\/media?parent=4048"}],"wp:term":[{"taxonomy":"category","embeddable":true,"href":"https:\/\/blogs.correiobraziliense.com.br\/vicente\/wp-json\/wp\/v2\/categories?post=4048"},{"taxonomy":"post_tag","embeddable":true,"href":"https:\/\/blogs.correiobraziliense.com.br\/vicente\/wp-json\/wp\/v2\/tags?post=4048"}],"curies":[{"name":"wp","href":"https:\/\/api.w.org\/{rel}","templated":true}]}}