{"id":4043,"date":"2017-01-26T00:43:42","date_gmt":"2017-01-26T02:43:42","guid":{"rendered":"https:\/\/blogs.correiobraziliense.com.br\/vicente\/?p=4043"},"modified":"2017-01-26T00:43:42","modified_gmt":"2017-01-26T02:43:42","slug":"meta-de-inflacao-de-4","status":"publish","type":"post","link":"https:\/\/blogs.correiobraziliense.com.br\/vicente\/meta-de-inflacao-de-4\/","title":{"rendered":"Meta de infla\u00e7\u00e3o de 4%"},"content":{"rendered":"<p>H\u00e1 um movimento no mercado pressionando o governo a antecipar a defini\u00e7\u00e3o da meta de infla\u00e7\u00e3o que vigorar\u00e1 em 2019. Por lei, o Conselho Monet\u00e1rio Nacional (CMN) tem at\u00e9 junho pr\u00f3ximo para n\u00e3o s\u00f3 ratificar o objetivo a ser perseguido pelo Banco Central em 2018, que est\u00e1 em 4,5%, podendo variar 1,5 ponto percentual para baixo ou para cima, como tamb\u00e9m anunciar a meta do ano seguinte. Para os analistas, seria superpositivo se o CMN anunciasse logo esse n\u00famero e, melhor, o reduzisse. Em vez de 4,5%, o centro da meta seria menor, provavelmente de 4%.<\/p>\n<p>&nbsp;<\/p>\n<p>A expectativa em torno da decis\u00e3o do Conselho Monet\u00e1rio aumentou porque h\u00e1, hoje, a tradicional reuni\u00e3o do colegiado. E, curiosamente, o presidente do BC, Ilan Goldfajn, ter\u00e1 um encontro antes do CMN com o ministro da Fazenda, Henrique Meirelles, ambos defensores de uma meta menor de infla\u00e7\u00e3o. O racioc\u00ednio dos analistas \u00e9 claro: como h\u00e1 todo um clima positivo em rela\u00e7\u00e3o ao custo de vida e como o BC j\u00e1 avisou que manter\u00e1 o ritmo de corte da taxa b\u00e1sica de juros (Selic) em 0,75 ponto percentual, seria importante dar um sinal ainda mais forte de comprometimento com o combate \u00e0 carestia.<\/p>\n<p>&nbsp;<\/p>\n<p>Com uma meta de infla\u00e7\u00e3o menor em 2019, os especialistas acreditam que as proje\u00e7\u00f5es do \u00cdndice de Pre\u00e7os ao Consumidor Amplo (IPCA), que est\u00e3o ancoradas em 4,5% at\u00e9 2020, tenderiam a cair, deslocando-se para algo entre 3,5% e 4%, permitindo ao BC ser ainda mais ousado nos cortes dos juros.<\/p>\n<p>&nbsp;<\/p>\n<p>\u201cEsse \u00e9 o momento para se corrigir as aberra\u00e7\u00f5es com as quais convivemos\u201d, admite um integrante da equipe econ\u00f4mica. \u201cA nossa meta de infla\u00e7\u00e3o \u00e9 a mais alta entre os pa\u00edses que adotam esse sistema. Assim como o governo est\u00e1 propondo reformas na Previd\u00eancia e nas leis trabalhistas, deveria ser mais duro na defini\u00e7\u00e3o da meta inflacion\u00e1ria. Temos que mostrar que o pa\u00eds pode conviver com juros de um d\u00edgito sem que o custo de vida saia do controle\u201d, acrescenta.<\/p>\n<p>&nbsp;<\/p>\n<p><b>Diverg\u00eancia<\/b><\/p>\n<p>&nbsp;<\/p>\n<p>Apesar dos argumentos s\u00f3lidos da equipe econ\u00f4mica a favor de uma meta de infla\u00e7\u00e3o menor, h\u00e1 um grupo que v\u00ea nessa proposta um empecilho para uma retomada mais forte do crescimento. \u201cPara chegarmos a uma infla\u00e7\u00e3o de 4%, por exemplo, o BC ter\u00e1 que ser mais rigoroso com os juros\u201d, assinala um integrante do Pal\u00e1cio do Planalto. Ele assinala que, neste momento, com a economia t\u00e3o combalida, o governo n\u00e3o deveria ser \u201ct\u00e3o radical\u201d.<\/p>\n<p>&nbsp;<\/p>\n<p>\u201cA ideia \u00e9 boa. Mas \u00e9 preciso discuti-la mais. Esse debate ainda est\u00e1 muito restrito ao mercado financeiro. Creio que tanto o presidente do BC quanto o ministro da Fazenda j\u00e1 tocaram no tema. Contudo, n\u00e3o o vejo na lista de prioridades. N\u00e3o agora\u201d, ressalta o assessor palaciano. Ele destaca, por\u00e9m, que n\u00e3o se deve descartar a possibilidade de se definir uma meta de infla\u00e7\u00e3o menor para 2019. Nem que isso ocorra antes de junho. \u201cTudo depender\u00e1 dos argumentos que Ilan e Meirelles v\u00e3o apresentar ao presidente Michel Temer\u201d, enfatiza.<\/p>\n<p>&nbsp;<\/p>\n<p>Para o Planalto, nada \u00e9 mais imperioso agora do que tirar o pa\u00eds da recess\u00e3o e estancar a destrui\u00e7\u00e3o de empregos. \u201c\u00c9 uma quest\u00e3o pol\u00edtica\u201d, afirma um ministro. No entender dele, a economia precisa mostrar for\u00e7a logo para que a o governo tenha argumentos mais s\u00f3lidos para convencer o Congresso da import\u00e2ncia das reformas trabalhista e da Previd\u00eancia. \u201cMais que isso. \u00c9 importante criar um escudo contra as den\u00fancias da Lava-Jato, que atingir\u00e3o o \u00e1pice com a dela\u00e7\u00e3o da Odebrecht. Sabemos que gente gra\u00fada cair\u00e1 e que o governo vai apanhar muito\u201d, emenda.<\/p>\n<p>&nbsp;<\/p>\n<p><i>Brad\u00edlia, 00h39min<\/i><\/p>\n","protected":false},"excerpt":{"rendered":"<p>H\u00e1 um movimento no mercado pressionando o governo a antecipar a defini\u00e7\u00e3o da meta de infla\u00e7\u00e3o que vigorar\u00e1 em 2019. Por lei, o Conselho Monet\u00e1rio Nacional (CMN) tem at\u00e9 junho pr\u00f3ximo para n\u00e3o s\u00f3 ratificar o objetivo a ser perseguido pelo Banco Central em 2018, que est\u00e1 em 4,5%, podendo variar 1,5 ponto percentual para [&hellip;]<\/p>\n","protected":false},"author":22,"featured_media":0,"comment_status":"open","ping_status":"closed","sticky":false,"template":"","format":"standard","meta":{"footnotes":""},"categories":[600],"tags":[],"class_list":["post-4043","post","type-post","status-publish","format-standard","hentry","category-economia"],"_links":{"self":[{"href":"https:\/\/blogs.correiobraziliense.com.br\/vicente\/wp-json\/wp\/v2\/posts\/4043","targetHints":{"allow":["GET"]}}],"collection":[{"href":"https:\/\/blogs.correiobraziliense.com.br\/vicente\/wp-json\/wp\/v2\/posts"}],"about":[{"href":"https:\/\/blogs.correiobraziliense.com.br\/vicente\/wp-json\/wp\/v2\/types\/post"}],"author":[{"embeddable":true,"href":"https:\/\/blogs.correiobraziliense.com.br\/vicente\/wp-json\/wp\/v2\/users\/22"}],"replies":[{"embeddable":true,"href":"https:\/\/blogs.correiobraziliense.com.br\/vicente\/wp-json\/wp\/v2\/comments?post=4043"}],"version-history":[{"count":1,"href":"https:\/\/blogs.correiobraziliense.com.br\/vicente\/wp-json\/wp\/v2\/posts\/4043\/revisions"}],"predecessor-version":[{"id":4044,"href":"https:\/\/blogs.correiobraziliense.com.br\/vicente\/wp-json\/wp\/v2\/posts\/4043\/revisions\/4044"}],"wp:attachment":[{"href":"https:\/\/blogs.correiobraziliense.com.br\/vicente\/wp-json\/wp\/v2\/media?parent=4043"}],"wp:term":[{"taxonomy":"category","embeddable":true,"href":"https:\/\/blogs.correiobraziliense.com.br\/vicente\/wp-json\/wp\/v2\/categories?post=4043"},{"taxonomy":"post_tag","embeddable":true,"href":"https:\/\/blogs.correiobraziliense.com.br\/vicente\/wp-json\/wp\/v2\/tags?post=4043"}],"curies":[{"name":"wp","href":"https:\/\/api.w.org\/{rel}","templated":true}]}}