{"id":4041,"date":"2017-01-25T19:01:08","date_gmt":"2017-01-25T21:01:08","guid":{"rendered":"https:\/\/blogs.correiobraziliense.com.br\/vicente\/?p=4041"},"modified":"2017-01-25T19:19:39","modified_gmt":"2017-01-25T21:19:39","slug":"boletim-da-previdencia-como-ficara-aposentadoria-rural-com-reforma","status":"publish","type":"post","link":"https:\/\/blogs.correiobraziliense.com.br\/vicente\/boletim-da-previdencia-como-ficara-aposentadoria-rural-com-reforma\/","title":{"rendered":"Boletim da Previd\u00eancia: Como ficar\u00e1 a aposentadoria rural com a reforma"},"content":{"rendered":"<p>S\u00e3o muitas as d\u00favidas sobre a reforma da Previd\u00eancia que ser\u00e1 retomada no Congresso na pr\u00f3xima semana.<\/p>\n<p>&nbsp;<\/p>\n<p>Tire suas d\u00favidas com a rep\u00f3rter Alessandra Azevedo sobre a aposentadoria rural.<\/p>\n<p>&nbsp;<\/p>\n<p><a href=\"https:\/\/www.youtube.com\/watch?v=pQYi-5y1Gco&#038;feature=youtu.be\">https:\/\/www.youtube.com\/watch?v=pQYi-5y1Gco&amp;feature=youtu.be<\/a><\/p>\n","protected":false},"excerpt":{"rendered":"<p>S\u00e3o muitas as d\u00favidas sobre a reforma da Previd\u00eancia que ser\u00e1 retomada no Congresso na pr\u00f3xima semana. &nbsp; Tire suas d\u00favidas com a rep\u00f3rter Alessandra Azevedo sobre a aposentadoria rural. &nbsp;<\/p>\n","protected":false},"author":22,"featured_media":0,"comment_status":"open","ping_status":"closed","sticky":false,"template":"","format":"standard","meta":{"footnotes":""},"categories":[600],"tags":[430,1762,1590,1761,1763],"class_list":["post-4041","post","type-post","status-publish","format-standard","hentry","category-economia","tag-aposentadoria","tag-aposentadoria-rural","tag-boletim-da-previdencia","tag-reforma-do-inss","tag-tire-suas-duvidas"],"_links":{"self":[{"href":"https:\/\/blogs.correiobraziliense.com.br\/vicente\/wp-json\/wp\/v2\/posts\/4041","targetHints":{"allow":["GET"]}}],"collection":[{"href":"https:\/\/blogs.correiobraziliense.com.br\/vicente\/wp-json\/wp\/v2\/posts"}],"about":[{"href":"https:\/\/blogs.correiobraziliense.com.br\/vicente\/wp-json\/wp\/v2\/types\/post"}],"author":[{"embeddable":true,"href":"https:\/\/blogs.correiobraziliense.com.br\/vicente\/wp-json\/wp\/v2\/users\/22"}],"replies":[{"embeddable":true,"href":"https:\/\/blogs.correiobraziliense.com.br\/vicente\/wp-json\/wp\/v2\/comments?post=4041"}],"version-history":[{"count":1,"href":"https:\/\/blogs.correiobraziliense.com.br\/vicente\/wp-json\/wp\/v2\/posts\/4041\/revisions"}],"predecessor-version":[{"id":4042,"href":"https:\/\/blogs.correiobraziliense.com.br\/vicente\/wp-json\/wp\/v2\/posts\/4041\/revisions\/4042"}],"wp:attachment":[{"href":"https:\/\/blogs.correiobraziliense.com.br\/vicente\/wp-json\/wp\/v2\/media?parent=4041"}],"wp:term":[{"taxonomy":"category","embeddable":true,"href":"https:\/\/blogs.correiobraziliense.com.br\/vicente\/wp-json\/wp\/v2\/categories?post=4041"},{"taxonomy":"post_tag","embeddable":true,"href":"https:\/\/blogs.correiobraziliense.com.br\/vicente\/wp-json\/wp\/v2\/tags?post=4041"}],"curies":[{"name":"wp","href":"https:\/\/api.w.org\/{rel}","templated":true}]}}