{"id":4037,"date":"2017-01-24T16:35:13","date_gmt":"2017-01-24T18:35:13","guid":{"rendered":"https:\/\/blogs.correiobraziliense.com.br\/vicente\/?p=4037"},"modified":"2017-01-24T16:35:13","modified_gmt":"2017-01-24T18:35:13","slug":"postalis-cobrara-contribuicoes-adicionias-de-273-para-cobrir-deficit-de-2015","status":"publish","type":"post","link":"https:\/\/blogs.correiobraziliense.com.br\/vicente\/postalis-cobrara-contribuicoes-adicionias-de-273-para-cobrir-deficit-de-2015\/","title":{"rendered":"Postalis cobrar\u00e1 a partir de abril contribui\u00e7\u00f5es de 2,73% para cobrir deficit de 2015"},"content":{"rendered":"<p>POR ANTONIO TEM\u00d3TEO<\/p>\n<p>&nbsp;<\/p>\n<p>O Postalis, fundo de pens\u00e3o dos empregados dos Correios, iniciar\u00e1 um equacionamento para cobrir o rombo de R$ 1,5 bilh\u00e3o registrado em 2015. Com isso, os participantes da entidade fechada de previd\u00eancia complementar far\u00e3o contribui\u00e7\u00f5es extraordin\u00e1rias de 2,73%\u00a0sobre o valor do Benef\u00edcio Proporcional Saldado dos ativos e sobre o benef\u00edcio de aposentados e pensionistas.<\/p>\n<p>&nbsp;<\/p>\n<p>Os descontos cobrir\u00e3o metade do rombo e R$ 750 milh\u00f5es restantes ser\u00e3o pagos pelos Correios.\u00a0Atualmente, a funda\u00e7\u00e3o cobra contribui\u00e7\u00f5es extraordin\u00e1rias de 17,92% para cobrir metade do d\u00e9ficit atuarial de R$ 4 bilh\u00f5es registrado em 2013 e 2014.<\/p>\n<p>&nbsp;<\/p>\n<p>A entidade fechada de previd\u00eancia complementar ainda estimou que os impactos do Plano de Desligamento Incentivo (PDI). Pelas contas do Postalis, o p\u00fablico alvo do PDI chega a\u00a017.682 empregados, com estimativa de ades\u00e3o de 8 mil trabalhadores. Desse total,\u00a06.796 s\u00e3o participantes do plano de benef\u00edcio definido.<\/p>\n<p>&nbsp;<\/p>\n<p>Com isso, o aumento das provis\u00f5es matem\u00e1ticas chegaria a R$ 190,9 milh\u00f5es, elevando o deficit do plano no mesmo valor. A entidade fechada de previd\u00eancia complementar teria um aumento de gastos de R$ 10,5 milh\u00f5es.<\/p>\n<p>&nbsp;<\/p>\n<p class=\"m1308176928148430509s4\">\n","protected":false},"excerpt":{"rendered":"<p>POR ANTONIO TEM\u00d3TEO &nbsp; O Postalis, fundo de pens\u00e3o dos empregados dos Correios, iniciar\u00e1 um equacionamento para cobrir o rombo de R$ 1,5 bilh\u00e3o registrado em 2015. Com isso, os participantes da entidade fechada de previd\u00eancia complementar far\u00e3o contribui\u00e7\u00f5es extraordin\u00e1rias de 2,73%\u00a0sobre o valor do Benef\u00edcio Proporcional Saldado dos ativos e sobre o benef\u00edcio de [&hellip;]<\/p>\n","protected":false},"author":22,"featured_media":0,"comment_status":"open","ping_status":"closed","sticky":false,"template":"","format":"standard","meta":{"footnotes":""},"categories":[600],"tags":[992,1758,1363,732,1757,259],"class_list":["post-4037","post","type-post","status-publish","format-standard","hentry","category-economia","tag-992","tag-1758","tag-correios","tag-deficit-atuarial","tag-equacionamento","tag-postalis"],"_links":{"self":[{"href":"https:\/\/blogs.correiobraziliense.com.br\/vicente\/wp-json\/wp\/v2\/posts\/4037","targetHints":{"allow":["GET"]}}],"collection":[{"href":"https:\/\/blogs.correiobraziliense.com.br\/vicente\/wp-json\/wp\/v2\/posts"}],"about":[{"href":"https:\/\/blogs.correiobraziliense.com.br\/vicente\/wp-json\/wp\/v2\/types\/post"}],"author":[{"embeddable":true,"href":"https:\/\/blogs.correiobraziliense.com.br\/vicente\/wp-json\/wp\/v2\/users\/22"}],"replies":[{"embeddable":true,"href":"https:\/\/blogs.correiobraziliense.com.br\/vicente\/wp-json\/wp\/v2\/comments?post=4037"}],"version-history":[{"count":1,"href":"https:\/\/blogs.correiobraziliense.com.br\/vicente\/wp-json\/wp\/v2\/posts\/4037\/revisions"}],"predecessor-version":[{"id":4038,"href":"https:\/\/blogs.correiobraziliense.com.br\/vicente\/wp-json\/wp\/v2\/posts\/4037\/revisions\/4038"}],"wp:attachment":[{"href":"https:\/\/blogs.correiobraziliense.com.br\/vicente\/wp-json\/wp\/v2\/media?parent=4037"}],"wp:term":[{"taxonomy":"category","embeddable":true,"href":"https:\/\/blogs.correiobraziliense.com.br\/vicente\/wp-json\/wp\/v2\/categories?post=4037"},{"taxonomy":"post_tag","embeddable":true,"href":"https:\/\/blogs.correiobraziliense.com.br\/vicente\/wp-json\/wp\/v2\/tags?post=4037"}],"curies":[{"name":"wp","href":"https:\/\/api.w.org\/{rel}","templated":true}]}}