{"id":4033,"date":"2017-01-24T09:10:00","date_gmt":"2017-01-24T11:10:00","guid":{"rendered":"https:\/\/blogs.correiobraziliense.com.br\/vicente\/?p=4033"},"modified":"2017-01-24T09:30:52","modified_gmt":"2017-01-24T11:30:52","slug":"trump-pior-que-o-esperado","status":"publish","type":"post","link":"https:\/\/blogs.correiobraziliense.com.br\/vicente\/trump-pior-que-o-esperado\/","title":{"rendered":"Trump pior que o esperado"},"content":{"rendered":"<p>\u00bb O Pal\u00e1cio do Planalto n\u00e3o esconde o espanto em rela\u00e7\u00e3o aos primeiros dias de governo de Donald Trump. Para auxiliares de Michel Temer, h\u00e1 o risco de o presidente dos Estados Unidos ser ainda pior do que o imaginado.<\/p>\n<p>&nbsp;<\/p>\n<p><b>O ditador ruivo<\/b><\/p>\n<p>&nbsp;<\/p>\n<p>\u00bb Entre gente gra\u00fada do governo, Trump vem sendo chamado de \u201co ditador ruivo\u201d. \u201cTodos os atos e palavras dele indicam que o imperialismo norte-americano est\u00e1 renascendo com tudo de ruim. \u00c9 de arrepiar\u201d, diz um assessor palaciano.<\/p>\n<p>&nbsp;<\/p>\n<p><i>Bras\u00edlia, 09h10min<\/i><\/p>\n","protected":false},"excerpt":{"rendered":"<p>\u00bb O Pal\u00e1cio do Planalto n\u00e3o esconde o espanto em rela\u00e7\u00e3o aos primeiros dias de governo de Donald Trump. Para auxiliares de Michel Temer, h\u00e1 o risco de o presidente dos Estados Unidos ser ainda pior do que o imaginado. &nbsp; O ditador ruivo &nbsp; \u00bb Entre gente gra\u00fada do governo, Trump vem sendo chamado [&hellip;]<\/p>\n","protected":false},"author":22,"featured_media":0,"comment_status":"open","ping_status":"closed","sticky":false,"template":"","format":"standard","meta":{"footnotes":""},"categories":[600],"tags":[1755,623,176,1754],"class_list":["post-4033","post","type-post","status-publish","format-standard","hentry","category-economia","tag-ditador-ruivo","tag-donald-trump","tag-palacio-do-planalto","tag-pior-que-o-esperado"],"_links":{"self":[{"href":"https:\/\/blogs.correiobraziliense.com.br\/vicente\/wp-json\/wp\/v2\/posts\/4033","targetHints":{"allow":["GET"]}}],"collection":[{"href":"https:\/\/blogs.correiobraziliense.com.br\/vicente\/wp-json\/wp\/v2\/posts"}],"about":[{"href":"https:\/\/blogs.correiobraziliense.com.br\/vicente\/wp-json\/wp\/v2\/types\/post"}],"author":[{"embeddable":true,"href":"https:\/\/blogs.correiobraziliense.com.br\/vicente\/wp-json\/wp\/v2\/users\/22"}],"replies":[{"embeddable":true,"href":"https:\/\/blogs.correiobraziliense.com.br\/vicente\/wp-json\/wp\/v2\/comments?post=4033"}],"version-history":[{"count":1,"href":"https:\/\/blogs.correiobraziliense.com.br\/vicente\/wp-json\/wp\/v2\/posts\/4033\/revisions"}],"predecessor-version":[{"id":4034,"href":"https:\/\/blogs.correiobraziliense.com.br\/vicente\/wp-json\/wp\/v2\/posts\/4033\/revisions\/4034"}],"wp:attachment":[{"href":"https:\/\/blogs.correiobraziliense.com.br\/vicente\/wp-json\/wp\/v2\/media?parent=4033"}],"wp:term":[{"taxonomy":"category","embeddable":true,"href":"https:\/\/blogs.correiobraziliense.com.br\/vicente\/wp-json\/wp\/v2\/categories?post=4033"},{"taxonomy":"post_tag","embeddable":true,"href":"https:\/\/blogs.correiobraziliense.com.br\/vicente\/wp-json\/wp\/v2\/tags?post=4033"}],"curies":[{"name":"wp","href":"https:\/\/api.w.org\/{rel}","templated":true}]}}