{"id":4029,"date":"2017-01-23T15:44:46","date_gmt":"2017-01-23T17:44:46","guid":{"rendered":"https:\/\/blogs.correiobraziliense.com.br\/vicente\/?p=4029"},"modified":"2017-01-23T15:44:46","modified_gmt":"2017-01-23T17:44:46","slug":"boletim-da-previdencia-tempo-de-contribuicao-e-aposentadoria","status":"publish","type":"post","link":"https:\/\/blogs.correiobraziliense.com.br\/vicente\/boletim-da-previdencia-tempo-de-contribuicao-e-aposentadoria\/","title":{"rendered":"Boletim da Previd\u00eancia: Tempo de contribui\u00e7\u00e3o e aposentadoria"},"content":{"rendered":"<p>O novo Boletim da Previd\u00eancia est\u00e1 no ar. A rep\u00f3rter Alessandra Azevedo tira d\u00favidas sobre mais um ponto da reforma que est\u00e1 em andamento no Congresso.<\/p>\n<p>&nbsp;<\/p>\n<p>Assista.<\/p>\n<p>&nbsp;<\/p>\n<p><a href=\"https:\/\/youtu.be\/rYYq6zzPcdU\">https:\/\/youtu.be\/rYYq6zzPcdU<\/a><\/p>\n","protected":false},"excerpt":{"rendered":"<p>O novo Boletim da Previd\u00eancia est\u00e1 no ar. A rep\u00f3rter Alessandra Azevedo tira d\u00favidas sobre mais um ponto da reforma que est\u00e1 em andamento no Congresso. &nbsp; Assista. &nbsp;<\/p>\n","protected":false},"author":22,"featured_media":0,"comment_status":"open","ping_status":"closed","sticky":false,"template":"","format":"standard","meta":{"footnotes":""},"categories":[600],"tags":[430,1590,254,1751],"class_list":["post-4029","post","type-post","status-publish","format-standard","hentry","category-economia","tag-aposentadoria","tag-boletim-da-previdencia","tag-congresso","tag-contribuicao-ao-inss"],"_links":{"self":[{"href":"https:\/\/blogs.correiobraziliense.com.br\/vicente\/wp-json\/wp\/v2\/posts\/4029","targetHints":{"allow":["GET"]}}],"collection":[{"href":"https:\/\/blogs.correiobraziliense.com.br\/vicente\/wp-json\/wp\/v2\/posts"}],"about":[{"href":"https:\/\/blogs.correiobraziliense.com.br\/vicente\/wp-json\/wp\/v2\/types\/post"}],"author":[{"embeddable":true,"href":"https:\/\/blogs.correiobraziliense.com.br\/vicente\/wp-json\/wp\/v2\/users\/22"}],"replies":[{"embeddable":true,"href":"https:\/\/blogs.correiobraziliense.com.br\/vicente\/wp-json\/wp\/v2\/comments?post=4029"}],"version-history":[{"count":1,"href":"https:\/\/blogs.correiobraziliense.com.br\/vicente\/wp-json\/wp\/v2\/posts\/4029\/revisions"}],"predecessor-version":[{"id":4030,"href":"https:\/\/blogs.correiobraziliense.com.br\/vicente\/wp-json\/wp\/v2\/posts\/4029\/revisions\/4030"}],"wp:attachment":[{"href":"https:\/\/blogs.correiobraziliense.com.br\/vicente\/wp-json\/wp\/v2\/media?parent=4029"}],"wp:term":[{"taxonomy":"category","embeddable":true,"href":"https:\/\/blogs.correiobraziliense.com.br\/vicente\/wp-json\/wp\/v2\/categories?post=4029"},{"taxonomy":"post_tag","embeddable":true,"href":"https:\/\/blogs.correiobraziliense.com.br\/vicente\/wp-json\/wp\/v2\/tags?post=4029"}],"curies":[{"name":"wp","href":"https:\/\/api.w.org\/{rel}","templated":true}]}}