{"id":4023,"date":"2017-01-18T18:15:14","date_gmt":"2017-01-18T20:15:14","guid":{"rendered":"https:\/\/blogs.correiobraziliense.com.br\/vicente\/?p=4023"},"modified":"2017-01-18T19:25:43","modified_gmt":"2017-01-18T21:25:43","slug":"diplomata-quer-repetir-jean-wyllys-ex-bb-que-virou-deputado","status":"publish","type":"post","link":"https:\/\/blogs.correiobraziliense.com.br\/vicente\/diplomata-quer-repetir-jean-wyllys-ex-bb-que-virou-deputado\/","title":{"rendered":"Diplomata quer repetir Jean Wyllys, ex-BBB que virou deputado"},"content":{"rendered":"<p>O diplomata R\u00f4mulo Neves, que participar\u00e1 da nova edi\u00e7\u00e3o do BBB tem s\u00e9rias pretens\u00f5es pol\u00edticas, dizem colegas do Minist\u00e9rio das Rela\u00e7\u00f5es Exteriores. Ele quer ser deputado distrital ou mesmo federal. \u00c9 filiado \u00e0 Rede, de Marina Silva.<\/p>\n<p>&nbsp;<\/p>\n<p>&#8220;Ele quer ser uma esp\u00e9cie de Jean Wyllys h\u00e9tero&#8221;, diz um funcion\u00e1rio do Itamaraty, que conviveu com R\u00f4mulo. &#8220;Ele quer repetir o que aconteceu com o ex-BBB&#8221;, refor\u00e7a.<\/p>\n<p>&nbsp;<\/p>\n<p>R\u00f4mulo, por sinal, tem um passado de sindicalista. Ele foi vice-presidente do Sinditamaraty, fun\u00e7\u00e3o na qual ficou apenas dois meses, pois pediu desligamento alegando que n\u00e3o era ouvido pelos demais integrantes do sindicato.<\/p>\n<p>&nbsp;<\/p>\n<p>Um dirigente do Sinditamaraty afirma: &#8220;Foi R\u00f4mulo que pediu para entrar na chapa vencedora para o sindicato. Mas ele n\u00e3o se adaptou \u00e0s decis\u00f5es tomadas em colegiado&#8221;.<\/p>\n<p>&nbsp;<\/p>\n<p><em>Bras\u00edlia, 18h15min<\/em><\/p>\n","protected":false},"excerpt":{"rendered":"<p>O diplomata R\u00f4mulo Neves, que participar\u00e1 da nova edi\u00e7\u00e3o do BBB tem s\u00e9rias pretens\u00f5es pol\u00edticas, dizem colegas do Minist\u00e9rio das Rela\u00e7\u00f5es Exteriores. Ele quer ser deputado distrital ou mesmo federal. \u00c9 filiado \u00e0 Rede, de Marina Silva. &nbsp; &#8220;Ele quer ser uma esp\u00e9cie de Jean Wyllys h\u00e9tero&#8221;, diz um funcion\u00e1rio do Itamaraty, que conviveu com [&hellip;]<\/p>\n","protected":false},"author":22,"featured_media":0,"comment_status":"open","ping_status":"closed","sticky":false,"template":"","format":"standard","meta":{"footnotes":""},"categories":[600],"tags":[1742,1743,1746,1747,1745,1744],"class_list":["post-4023","post","type-post","status-publish","format-standard","hentry","category-economia","tag-bbb","tag-big-brother-brasil","tag-diiplomata","tag-hetero","tag-jean-willis","tag-romulo-neves"],"_links":{"self":[{"href":"https:\/\/blogs.correiobraziliense.com.br\/vicente\/wp-json\/wp\/v2\/posts\/4023","targetHints":{"allow":["GET"]}}],"collection":[{"href":"https:\/\/blogs.correiobraziliense.com.br\/vicente\/wp-json\/wp\/v2\/posts"}],"about":[{"href":"https:\/\/blogs.correiobraziliense.com.br\/vicente\/wp-json\/wp\/v2\/types\/post"}],"author":[{"embeddable":true,"href":"https:\/\/blogs.correiobraziliense.com.br\/vicente\/wp-json\/wp\/v2\/users\/22"}],"replies":[{"embeddable":true,"href":"https:\/\/blogs.correiobraziliense.com.br\/vicente\/wp-json\/wp\/v2\/comments?post=4023"}],"version-history":[{"count":2,"href":"https:\/\/blogs.correiobraziliense.com.br\/vicente\/wp-json\/wp\/v2\/posts\/4023\/revisions"}],"predecessor-version":[{"id":4025,"href":"https:\/\/blogs.correiobraziliense.com.br\/vicente\/wp-json\/wp\/v2\/posts\/4023\/revisions\/4025"}],"wp:attachment":[{"href":"https:\/\/blogs.correiobraziliense.com.br\/vicente\/wp-json\/wp\/v2\/media?parent=4023"}],"wp:term":[{"taxonomy":"category","embeddable":true,"href":"https:\/\/blogs.correiobraziliense.com.br\/vicente\/wp-json\/wp\/v2\/categories?post=4023"},{"taxonomy":"post_tag","embeddable":true,"href":"https:\/\/blogs.correiobraziliense.com.br\/vicente\/wp-json\/wp\/v2\/tags?post=4023"}],"curies":[{"name":"wp","href":"https:\/\/api.w.org\/{rel}","templated":true}]}}