{"id":4003,"date":"2017-01-15T18:27:15","date_gmt":"2017-01-15T20:27:15","guid":{"rendered":"https:\/\/blogs.correiobraziliense.com.br\/vicente\/?p=4003"},"modified":"2017-01-15T21:28:49","modified_gmt":"2017-01-15T23:28:49","slug":"terremoto-nos-fundos-de-pensao","status":"publish","type":"post","link":"https:\/\/blogs.correiobraziliense.com.br\/vicente\/terremoto-nos-fundos-de-pensao\/","title":{"rendered":"Terremoto nos fundos de pens\u00e3o"},"content":{"rendered":"<p>\u00bb Gente gra\u00fada do governo est\u00e1 convencida de que uma das principais bombas que v\u00e3o estourar nas pr\u00f3ximas semanas vir\u00e1 dos fundos de pens\u00e3o de estatais, que foram saqueados nos \u00faltimos anos.<\/p>\n<p>&nbsp;<\/p>\n<p><strong>Pris\u00f5es \u00e0 vista<\/strong><\/p>\n<p>&nbsp;<\/p>\n<p>\u00bb A Pol\u00edcia Federal est\u00e1 recheada dos novas informa\u00e7\u00f5es sobre os esquemas que desviaram bilh\u00f5es de trabalhadores. Ser\u00e3o muitas as pris\u00f5es anunciadas. \u00c9 coisa gigantesca.<\/p>\n<p>&nbsp;<\/p>\n","protected":false},"excerpt":{"rendered":"<p>\u00bb Gente gra\u00fada do governo est\u00e1 convencida de que uma das principais bombas que v\u00e3o estourar nas pr\u00f3ximas semanas vir\u00e1 dos fundos de pens\u00e3o de estatais, que foram saqueados nos \u00faltimos anos. &nbsp; Pris\u00f5es \u00e0 vista &nbsp; \u00bb A Pol\u00edcia Federal est\u00e1 recheada dos novas informa\u00e7\u00f5es sobre os esquemas que desviaram bilh\u00f5es de trabalhadores. Ser\u00e3o [&hellip;]<\/p>\n","protected":false},"author":22,"featured_media":0,"comment_status":"open","ping_status":"closed","sticky":false,"template":"","format":"standard","meta":{"footnotes":""},"categories":[600],"tags":[255,178,1727,126],"class_list":["post-4003","post","type-post","status-publish","format-standard","hentry","category-economia","tag-corrupcao","tag-fundos-de-pensao","tag-novas-prisoes","tag-policia-federal"],"_links":{"self":[{"href":"https:\/\/blogs.correiobraziliense.com.br\/vicente\/wp-json\/wp\/v2\/posts\/4003","targetHints":{"allow":["GET"]}}],"collection":[{"href":"https:\/\/blogs.correiobraziliense.com.br\/vicente\/wp-json\/wp\/v2\/posts"}],"about":[{"href":"https:\/\/blogs.correiobraziliense.com.br\/vicente\/wp-json\/wp\/v2\/types\/post"}],"author":[{"embeddable":true,"href":"https:\/\/blogs.correiobraziliense.com.br\/vicente\/wp-json\/wp\/v2\/users\/22"}],"replies":[{"embeddable":true,"href":"https:\/\/blogs.correiobraziliense.com.br\/vicente\/wp-json\/wp\/v2\/comments?post=4003"}],"version-history":[{"count":1,"href":"https:\/\/blogs.correiobraziliense.com.br\/vicente\/wp-json\/wp\/v2\/posts\/4003\/revisions"}],"predecessor-version":[{"id":4004,"href":"https:\/\/blogs.correiobraziliense.com.br\/vicente\/wp-json\/wp\/v2\/posts\/4003\/revisions\/4004"}],"wp:attachment":[{"href":"https:\/\/blogs.correiobraziliense.com.br\/vicente\/wp-json\/wp\/v2\/media?parent=4003"}],"wp:term":[{"taxonomy":"category","embeddable":true,"href":"https:\/\/blogs.correiobraziliense.com.br\/vicente\/wp-json\/wp\/v2\/categories?post=4003"},{"taxonomy":"post_tag","embeddable":true,"href":"https:\/\/blogs.correiobraziliense.com.br\/vicente\/wp-json\/wp\/v2\/tags?post=4003"}],"curies":[{"name":"wp","href":"https:\/\/api.w.org\/{rel}","templated":true}]}}