{"id":3991,"date":"2017-01-13T00:29:31","date_gmt":"2017-01-13T02:29:31","guid":{"rendered":"https:\/\/blogs.correiobraziliense.com.br\/vicente\/?p=3991"},"modified":"2017-01-13T08:12:33","modified_gmt":"2017-01-13T10:12:33","slug":"presidente-dos-correios-nao-cancela-as-ferias-e-empresa-fica-acefala","status":"publish","type":"post","link":"https:\/\/blogs.correiobraziliense.com.br\/vicente\/presidente-dos-correios-nao-cancela-as-ferias-e-empresa-fica-acefala\/","title":{"rendered":"Presidente dos Correios n\u00e3o cancela as f\u00e9rias e empresa fica ac\u00e9fala"},"content":{"rendered":"<p class=\"p1\">POR ANTONIO TEM\u00d3TEO<\/p>\n<p class=\"p1\">Os Correios est\u00e3o sem comando. O presidente da estatal, Guilherme Campos, n\u00e3o abriu m\u00e3o das f\u00e9rias mesmo ap\u00f3s a Justi\u00e7a Federal suspender seis dos oito vice-presidentes, entre eles, seu substituto imediato, o vice-presidente de Finan\u00e7as e Controles Internos, Francisco Ars\u00eanio de Mello Esquef. Campos n\u00e3o retornou a Bras\u00edlia depois da decis\u00e3o do Judici\u00e1rio e s\u00f3 voltar\u00e1 a trabalhar na pr\u00f3xima segunda-feira.<\/p>\n<p class=\"p1\">\n<p class=\"p1\">Em profunda crise, com um rombo de R$ 4 bilh\u00f5es acumulado nos \u00faltimos dois anos, a empresa p\u00fablica ainda \u00e9 acusada de n\u00e3o respeitar a Lei das Estatais, uma das bandeiras do governo Temer, na hora de escolher os vice-presidentes. O juiz federal substituto M\u00e1rcio de Fran\u00e7a Moreira, da 8\u00aa Vara Federal do Distrito Federal, aceitou a\u00e7\u00e3o civil p\u00fablica da Associa\u00e7\u00e3o dos Profissionais dos Correios (Adcap), na qual a entidade afirma que o artigo 17 do Estatuto Jur\u00eddico das Empresas Estatais foi desrespeitado.<\/p>\n<p class=\"p1\">\n<p class=\"p1\">Pelo Estatuto, candidatos ao posto de diretor ou conselheiro de companhias p\u00fablicas precisam ter experi\u00eancia profissional de 10 anos, no setor p\u00fablico ou privado, na \u00e1rea. Uma alternativa \u00e9 comprovar que, por quatro anos, ocuparam cargo de dire\u00e7\u00e3o em empresa de porte ou objeto social semelhante. Quem exerceu fun\u00e7\u00e3o comissionada equivalente a DAS-4 por pelo menos 48 meses tamb\u00e9m pode ser contemplado. Al\u00e9m disso, a norma autoriza que o candidato comprove quatro anos de experi\u00eancia profissional liberal em atividade direta ou indiretamente vinculada \u00e0 \u00e1rea de atua\u00e7\u00e3o da estatal.<\/p>\n<p class=\"p1\">\n<p class=\"p1\">H\u00e1 ind\u00edcios de que pelo menos quatro dos seis vice-presidentes afastados n\u00e3o cumprem esses requisitos. S\u00e3o eles os vice-presidentes de Encomendas, Darlene Pereira; do Neg\u00f3cio Postal, de Henrique Pereira Dourado; da Rede de Ag\u00eancias e Varejo, Cristiano Barata Morbach; e o Corporativo, Eug\u00eanio Walter Pinchemel Montenegro Cerqueira.<\/p>\n<p class=\"p1\">\n<p class=\"p1\">Os dois \u00faltimos s\u00e3o empregados dos Correios, mas n\u00e3o teriam 10 anos de experi\u00eancia na \u00e1rea de atua\u00e7\u00e3o da empresa em fun\u00e7\u00e3o de dire\u00e7\u00e3o superior e nem quatro anos em cargos comissionados equivalentes a DAS-4. Darlene foi diretora da Companhia Energ\u00e9tica de Bras\u00edlia (CEB) por curto per\u00edodo e assessora de algumas diretorias, o que inviabilizaria sua perman\u00eancia na vice-presid\u00eancia. Dourado foi diretor da Ceasa de Minas Gerais e diretor geral da Loteria do mesmo estado, neg\u00f3cios sem liga\u00e7\u00e3o com as atividades que desempenha na estatal. A empresa p\u00fablica ingressou ontem com um recurso para reverter a decis\u00e3o do Judici\u00e1rio.<\/p>\n<p class=\"p1\">\n<p class=\"p1\"><strong>Corte na folha<\/strong><\/p>\n<p class=\"p1\">\n<p class=\"p1\">Para cobrir parte do rombo, os Correios querem lan\u00e7ar um Plano de Desligamento Incentivado (PDI) para empregados com pelo menos 55 anos de idade e 15 anos de servi\u00e7o. Para esse grupo ser\u00e1 oferecido um Incentivo Financeiro Diferido (IFD) por oito anos. A f\u00f3rmula de c\u00e1lculo levar\u00e1 em conta o valor m\u00e9dio dos sal\u00e1rios recebidos nos \u00faltimos 60 meses e tempo de servi\u00e7o, limitado a 35 anos. Em m\u00e9dia, o valor mensal do IFD deve corresponder a 35% do valor do sal\u00e1rio da ativa. Nas contas da estatal, pelo menos 14 mil empregados se enquadram nas regras, que podem gerar economia de R$ 1 bilh\u00e3o.<\/p>\n","protected":false},"excerpt":{"rendered":"<p>POR ANTONIO TEM\u00d3TEO Os Correios est\u00e3o sem comando. O presidente da estatal, Guilherme Campos, n\u00e3o abriu m\u00e3o das f\u00e9rias mesmo ap\u00f3s a Justi\u00e7a Federal suspender seis dos oito vice-presidentes, entre eles, seu substituto imediato, o vice-presidente de Finan\u00e7as e Controles Internos, Francisco Ars\u00eanio de Mello Esquef. Campos n\u00e3o retornou a Bras\u00edlia depois da decis\u00e3o do [&hellip;]<\/p>\n","protected":false},"author":22,"featured_media":0,"comment_status":"open","ping_status":"closed","sticky":false,"template":"","format":"standard","meta":{"footnotes":""},"categories":[600],"tags":[1710,1363,1716,282,1084,1091],"class_list":["post-3991","post","type-post","status-publish","format-standard","hentry","category-economia","tag-8a-vara-federal-do-distrito-federal","tag-correios","tag-guilherme-campos","tag-justica","tag-suspensao","tag-vice-presidentes"],"_links":{"self":[{"href":"https:\/\/blogs.correiobraziliense.com.br\/vicente\/wp-json\/wp\/v2\/posts\/3991","targetHints":{"allow":["GET"]}}],"collection":[{"href":"https:\/\/blogs.correiobraziliense.com.br\/vicente\/wp-json\/wp\/v2\/posts"}],"about":[{"href":"https:\/\/blogs.correiobraziliense.com.br\/vicente\/wp-json\/wp\/v2\/types\/post"}],"author":[{"embeddable":true,"href":"https:\/\/blogs.correiobraziliense.com.br\/vicente\/wp-json\/wp\/v2\/users\/22"}],"replies":[{"embeddable":true,"href":"https:\/\/blogs.correiobraziliense.com.br\/vicente\/wp-json\/wp\/v2\/comments?post=3991"}],"version-history":[{"count":3,"href":"https:\/\/blogs.correiobraziliense.com.br\/vicente\/wp-json\/wp\/v2\/posts\/3991\/revisions"}],"predecessor-version":[{"id":3994,"href":"https:\/\/blogs.correiobraziliense.com.br\/vicente\/wp-json\/wp\/v2\/posts\/3991\/revisions\/3994"}],"wp:attachment":[{"href":"https:\/\/blogs.correiobraziliense.com.br\/vicente\/wp-json\/wp\/v2\/media?parent=3991"}],"wp:term":[{"taxonomy":"category","embeddable":true,"href":"https:\/\/blogs.correiobraziliense.com.br\/vicente\/wp-json\/wp\/v2\/categories?post=3991"},{"taxonomy":"post_tag","embeddable":true,"href":"https:\/\/blogs.correiobraziliense.com.br\/vicente\/wp-json\/wp\/v2\/tags?post=3991"}],"curies":[{"name":"wp","href":"https:\/\/api.w.org\/{rel}","templated":true}]}}