{"id":3989,"date":"2017-01-12T17:15:26","date_gmt":"2017-01-12T19:15:26","guid":{"rendered":"https:\/\/blogs.correiobraziliense.com.br\/vicente\/?p=3989"},"modified":"2017-01-12T17:45:19","modified_gmt":"2017-01-12T19:45:19","slug":"o-boletim-da-previdencia-esta-ar-tempo-para-aposentaria","status":"publish","type":"post","link":"https:\/\/blogs.correiobraziliense.com.br\/vicente\/o-boletim-da-previdencia-esta-ar-tempo-para-aposentaria\/","title":{"rendered":"O Boletim da Previd\u00eancia est\u00e1 ar: tempo para aposentadoria"},"content":{"rendered":"<p>A rep\u00f3rter Alessandra Azevedo reponde hoje a um trabalhador que est\u00e1 em d\u00favida se recorre logo \u00e0 aposentadoria ou se espera a reforma da Previd\u00eancia para se retirar do mercado de trabalho.<\/p>\n<p>&nbsp;<\/p>\n<p>Confira as dicas.<\/p>\n<p>&nbsp;<\/p>\n<p><a href=\"https:\/\/youtu.be\/HaMwZbqB6zE\">https:\/\/youtu.be\/HaMwZbqB6zE<\/a><\/p>\n<p>&nbsp;<\/p>\n<p><em>Bras\u00edlia, 17h15min<\/em><\/p>\n","protected":false},"excerpt":{"rendered":"<p>A rep\u00f3rter Alessandra Azevedo reponde hoje a um trabalhador que est\u00e1 em d\u00favida se recorre logo \u00e0 aposentadoria ou se espera a reforma da Previd\u00eancia para se retirar do mercado de trabalho. &nbsp; Confira as dicas. &nbsp; &nbsp; Bras\u00edlia, 17h15min<\/p>\n","protected":false},"author":22,"featured_media":0,"comment_status":"open","ping_status":"closed","sticky":false,"template":"","format":"standard","meta":{"footnotes":""},"categories":[600],"tags":[1714,1590,1240,785,933,1715,1713],"class_list":["post-3989","post","type-post","status-publish","format-standard","hentry","category-economia","tag-alessandra-azevedo","tag-boletim-da-previdencia","tag-dicas","tag-fator-previdenciario","tag-reforma-da-previdencia","tag-regra-8595","tag-tempo-para-aposentadoria"],"_links":{"self":[{"href":"https:\/\/blogs.correiobraziliense.com.br\/vicente\/wp-json\/wp\/v2\/posts\/3989","targetHints":{"allow":["GET"]}}],"collection":[{"href":"https:\/\/blogs.correiobraziliense.com.br\/vicente\/wp-json\/wp\/v2\/posts"}],"about":[{"href":"https:\/\/blogs.correiobraziliense.com.br\/vicente\/wp-json\/wp\/v2\/types\/post"}],"author":[{"embeddable":true,"href":"https:\/\/blogs.correiobraziliense.com.br\/vicente\/wp-json\/wp\/v2\/users\/22"}],"replies":[{"embeddable":true,"href":"https:\/\/blogs.correiobraziliense.com.br\/vicente\/wp-json\/wp\/v2\/comments?post=3989"}],"version-history":[{"count":1,"href":"https:\/\/blogs.correiobraziliense.com.br\/vicente\/wp-json\/wp\/v2\/posts\/3989\/revisions"}],"predecessor-version":[{"id":3990,"href":"https:\/\/blogs.correiobraziliense.com.br\/vicente\/wp-json\/wp\/v2\/posts\/3989\/revisions\/3990"}],"wp:attachment":[{"href":"https:\/\/blogs.correiobraziliense.com.br\/vicente\/wp-json\/wp\/v2\/media?parent=3989"}],"wp:term":[{"taxonomy":"category","embeddable":true,"href":"https:\/\/blogs.correiobraziliense.com.br\/vicente\/wp-json\/wp\/v2\/categories?post=3989"},{"taxonomy":"post_tag","embeddable":true,"href":"https:\/\/blogs.correiobraziliense.com.br\/vicente\/wp-json\/wp\/v2\/tags?post=3989"}],"curies":[{"name":"wp","href":"https:\/\/api.w.org\/{rel}","templated":true}]}}