{"id":3984,"date":"2017-01-11T22:01:58","date_gmt":"2017-01-12T00:01:58","guid":{"rendered":"https:\/\/blogs.correiobraziliense.com.br\/vicente\/?p=3984"},"modified":"2017-01-11T22:11:23","modified_gmt":"2017-01-12T00:11:23","slug":"meirelles-e-ilan-terao-muito-o-que-comemorar-em-almoco","status":"publish","type":"post","link":"https:\/\/blogs.correiobraziliense.com.br\/vicente\/meirelles-e-ilan-terao-muito-o-que-comemorar-em-almoco\/","title":{"rendered":"Meirelles e Ilan ter\u00e3o muito o que comemorar em almo\u00e7o"},"content":{"rendered":"<p>At\u00e9 bem pouco tempo alvos de ataques especulativos dentro do governo, o ministro da Fazenda, Henrique Meirelles, e o presidente do Banco Central, Ilan Goldfajn, voltaram a ser o esteio da gest\u00e3o de Michel Temer.<\/p>\n<p>&nbsp;<\/p>\n<p>\u00c9 na economia que est\u00e1 toda a seguran\u00e7a que Temer precisa para fazer a travessia at\u00e9 2018.<\/p>\n<p>&nbsp;<\/p>\n<p>Meirelles e Ilan v\u00e3o brindar, em almo\u00e7o nesta quinta-feira, \u00e0 corajosa decis\u00e3o do BC01 de cortar a taxa b\u00e1sica juros em 0,75 ponto percentual, para 13% ao ano.<\/p>\n<p>&nbsp;<\/p>\n<p>&nbsp;<\/p>\n","protected":false},"excerpt":{"rendered":"<p>At\u00e9 bem pouco tempo alvos de ataques especulativos dentro do governo, o ministro da Fazenda, Henrique Meirelles, e o presidente do Banco Central, Ilan Goldfajn, voltaram a ser o esteio da gest\u00e3o de Michel Temer. &nbsp; \u00c9 na economia que est\u00e1 toda a seguran\u00e7a que Temer precisa para fazer a travessia at\u00e9 2018. &nbsp; Meirelles [&hellip;]<\/p>\n","protected":false},"author":22,"featured_media":0,"comment_status":"open","ping_status":"closed","sticky":false,"template":"","format":"standard","meta":{"footnotes":""},"categories":[600],"tags":[1680,473,21,107,4,34],"class_list":["post-3984","post","type-post","status-publish","format-standard","hentry","category-economia","tag-75-ponto-percentual","tag-corte-de-0","tag-henrique-meirelles","tag-ilan-goldfajn","tag-juros","tag-selic"],"_links":{"self":[{"href":"https:\/\/blogs.correiobraziliense.com.br\/vicente\/wp-json\/wp\/v2\/posts\/3984","targetHints":{"allow":["GET"]}}],"collection":[{"href":"https:\/\/blogs.correiobraziliense.com.br\/vicente\/wp-json\/wp\/v2\/posts"}],"about":[{"href":"https:\/\/blogs.correiobraziliense.com.br\/vicente\/wp-json\/wp\/v2\/types\/post"}],"author":[{"embeddable":true,"href":"https:\/\/blogs.correiobraziliense.com.br\/vicente\/wp-json\/wp\/v2\/users\/22"}],"replies":[{"embeddable":true,"href":"https:\/\/blogs.correiobraziliense.com.br\/vicente\/wp-json\/wp\/v2\/comments?post=3984"}],"version-history":[{"count":1,"href":"https:\/\/blogs.correiobraziliense.com.br\/vicente\/wp-json\/wp\/v2\/posts\/3984\/revisions"}],"predecessor-version":[{"id":3985,"href":"https:\/\/blogs.correiobraziliense.com.br\/vicente\/wp-json\/wp\/v2\/posts\/3984\/revisions\/3985"}],"wp:attachment":[{"href":"https:\/\/blogs.correiobraziliense.com.br\/vicente\/wp-json\/wp\/v2\/media?parent=3984"}],"wp:term":[{"taxonomy":"category","embeddable":true,"href":"https:\/\/blogs.correiobraziliense.com.br\/vicente\/wp-json\/wp\/v2\/categories?post=3984"},{"taxonomy":"post_tag","embeddable":true,"href":"https:\/\/blogs.correiobraziliense.com.br\/vicente\/wp-json\/wp\/v2\/tags?post=3984"}],"curies":[{"name":"wp","href":"https:\/\/api.w.org\/{rel}","templated":true}]}}