{"id":3977,"date":"2017-01-11T20:21:15","date_gmt":"2017-01-11T22:21:15","guid":{"rendered":"https:\/\/blogs.correiobraziliense.com.br\/vicente\/?p=3977"},"modified":"2017-01-11T20:58:43","modified_gmt":"2017-01-11T22:58:43","slug":"justica-afasta-seis-vice-presidentes-dos-correios","status":"publish","type":"post","link":"https:\/\/blogs.correiobraziliense.com.br\/vicente\/justica-afasta-seis-vice-presidentes-dos-correios\/","title":{"rendered":"Justi\u00e7a afasta seis vice-presidentes dos Correios"},"content":{"rendered":"<p>POR ANTONIO TEM\u00d3TEO<\/p>\n<p>&nbsp;<\/p>\n<p class=\"p1\"><span class=\"s1\">O juiz federal substituto M\u00e1rcio de Fran\u00e7a Moreira, da <\/span>8\u00aa Vara Federal do Distrito Federal, suspendeu de suas atividades seis dos oito vice-presidentes dos Correios. S\u00e3o eles, Darlene Pereira da Silva, Vice-Presidente de Encomendas, Cristiano Barata Morbach, Vice-Presidente da Rede de Ag\u00eancias e Varejo; Paulo Roberto Cordeiro, Vice-Presidente de Servi\u00e7os.<\/p>\n<p class=\"p1\">Al\u00e9m deles, foram afastados Eugenio Walter Pinchemel Montenegro Cerqueira, Vice-Presidente Corporativo; Henrique Pereira Dourado, Vice-Presidente do Neg\u00f3cio Postal; e Francisco Ars\u00eanio de Mello, Vice-Presidente de Finan\u00e7as e Controle Internos.<\/p>\n<p class=\"p1\">A decis\u00e3o do magistrado levou em conta uma a\u00e7\u00e3o civil p\u00fablica da Associa\u00e7\u00e3o dos Profissionais dos Correios (ADCAP) que questionou a escolha dos membros da diretoria executiva da estatal. Segundo a entidade que representa os trabalhadores da empresa p\u00fablica, o conselho de administra\u00e7\u00e3o da estatal n\u00e3o levou em conta artigo 17 do Estatuto Jur\u00eddico das Empresas Estatais, que determina que os gestores devem atender a uma s\u00e9rie de pr\u00e9-requisitos para tomarem posse.<\/p>\n<p class=\"p1\">Segundo a decis\u00e3o do magistrado, durante a reuni\u00e3o do conselho de administra\u00e7\u00e3o, o conselheiro Marcos C\u00e9sar Alves Silva destacou em seu voto<span class=\"Apple-converted-space\">\u00a0 <\/span>que apesar de ter pedido que os curr\u00edculos fossem previamente analisados pela \u00e1rea de governan\u00e7a da empresa, isso n\u00e3o aconteceu. O juiz ainda destacou que n\u00e3o recebeu documenta\u00e7\u00e3o da Casa Civil atestando a conformidade das indica\u00e7\u00f5es, somente comprovando que \u00a0foram enviadas \u00e0quele \u00f3rg\u00e3o.<\/p>\n<p class=\"p1\">Em nota de esclarecimento aos empregados, os Correios afirmaram que houve aprecia\u00e7\u00e3o das indica\u00e7\u00f5es em estrita observ\u00e2ncia com a lei das estatais. A empresa p\u00fablica ainda informou que a decis\u00e3o proferida, sem, inclusive, oportunizar aos Correios manifesta\u00e7\u00e3o pr\u00e9via ocasiona significativos danos \u00e0 atua\u00e7\u00e3o da empresa.<\/p>\n<p class=\"p1\">Nos corredores da estatal, o coment\u00e1rio \u00e9 de que o vice-presidente de Gest\u00e3o de Pessoas dos Correios, Heli Siqueira de Azevedo, est\u00e1 furioso com a decis\u00e3o e tem afirmado que se vingar\u00e1 da ADCAP. Al\u00e9m dele, somente o presidente da estatal, Guilherme Campos, e o vice-presidente de\u00a0Log\u00edstica, Jos\u00e9 Furian Filho, permanecem na gest\u00e3o da estatal. Procurada, a empresa publica informou que recorrer\u00e1 da decis\u00e3o.<\/p>\n<p>&nbsp;<\/p>\n<p>&nbsp;<\/p>\n","protected":false},"excerpt":{"rendered":"<p>POR ANTONIO TEM\u00d3TEO &nbsp; O juiz federal substituto M\u00e1rcio de Fran\u00e7a Moreira, da 8\u00aa Vara Federal do Distrito Federal, suspendeu de suas atividades seis dos oito vice-presidentes dos Correios. S\u00e3o eles, Darlene Pereira da Silva, Vice-Presidente de Encomendas, Cristiano Barata Morbach, Vice-Presidente da Rede de Ag\u00eancias e Varejo; Paulo Roberto Cordeiro, Vice-Presidente de Servi\u00e7os. Al\u00e9m [&hellip;]<\/p>\n","protected":false},"author":22,"featured_media":0,"comment_status":"open","ping_status":"closed","sticky":false,"template":"","format":"standard","meta":{"footnotes":""},"categories":[600],"tags":[1710,1669,1363,1084,1091],"class_list":["post-3977","post","type-post","status-publish","format-standard","hentry","category-economia","tag-8a-vara-federal-do-distrito-federal","tag-conselho-de-administracao","tag-correios","tag-suspensao","tag-vice-presidentes"],"_links":{"self":[{"href":"https:\/\/blogs.correiobraziliense.com.br\/vicente\/wp-json\/wp\/v2\/posts\/3977","targetHints":{"allow":["GET"]}}],"collection":[{"href":"https:\/\/blogs.correiobraziliense.com.br\/vicente\/wp-json\/wp\/v2\/posts"}],"about":[{"href":"https:\/\/blogs.correiobraziliense.com.br\/vicente\/wp-json\/wp\/v2\/types\/post"}],"author":[{"embeddable":true,"href":"https:\/\/blogs.correiobraziliense.com.br\/vicente\/wp-json\/wp\/v2\/users\/22"}],"replies":[{"embeddable":true,"href":"https:\/\/blogs.correiobraziliense.com.br\/vicente\/wp-json\/wp\/v2\/comments?post=3977"}],"version-history":[{"count":6,"href":"https:\/\/blogs.correiobraziliense.com.br\/vicente\/wp-json\/wp\/v2\/posts\/3977\/revisions"}],"predecessor-version":[{"id":3983,"href":"https:\/\/blogs.correiobraziliense.com.br\/vicente\/wp-json\/wp\/v2\/posts\/3977\/revisions\/3983"}],"wp:attachment":[{"href":"https:\/\/blogs.correiobraziliense.com.br\/vicente\/wp-json\/wp\/v2\/media?parent=3977"}],"wp:term":[{"taxonomy":"category","embeddable":true,"href":"https:\/\/blogs.correiobraziliense.com.br\/vicente\/wp-json\/wp\/v2\/categories?post=3977"},{"taxonomy":"post_tag","embeddable":true,"href":"https:\/\/blogs.correiobraziliense.com.br\/vicente\/wp-json\/wp\/v2\/tags?post=3977"}],"curies":[{"name":"wp","href":"https:\/\/api.w.org\/{rel}","templated":true}]}}