{"id":3975,"date":"2017-01-11T18:55:16","date_gmt":"2017-01-11T20:55:16","guid":{"rendered":"https:\/\/blogs.correiobraziliense.com.br\/vicente\/?p=3975"},"modified":"2017-01-11T19:12:10","modified_gmt":"2017-01-11T21:12:10","slug":"para-planalto-banco-central-agiu-com-bom-senso-ao-cortar-juros-para-13","status":"publish","type":"post","link":"https:\/\/blogs.correiobraziliense.com.br\/vicente\/para-planalto-banco-central-agiu-com-bom-senso-ao-cortar-juros-para-13\/","title":{"rendered":"Para Planalto, Banco Central agiu com bom-senso ao cortar juros para 13%"},"content":{"rendered":"<p>O clima \u00e9 de comemora\u00e7\u00e3o no entorno do presidente Michel Temer. N\u00e3o sem raz\u00e3o. Era grande a aposta no Pal\u00e1cio do Planalto para que o Banco Central fosse mais ousado no corte da taxa b\u00e1sica de juros (Selic), a fim de dar mais est\u00edmulos \u00e0 economia, que continua em recess\u00e3o.<\/p>\n<p>&nbsp;<\/p>\n<p>Depois de dois dias de intenso debate, o Comit\u00ea de Pol\u00edtica Monet\u00e1ria (Copom) baixou a Selic de 13,75% para 13%, surpreendendo boa parte do mercado financeiro. Foi determinante para a decis\u00e3o o an\u00fancio, pelo IBGE, da infla\u00e7\u00e3o de dezembro e de 2016, bem abaixo do projetado pelos especialistas: 0,30 e 62,9%, respectivamente.<\/p>\n<p>&nbsp;<\/p>\n<p>&#8220;Felizmente, prevaleceu o bom-senso no Banco Central&#8221;, diz um dos ministros mais pr\u00f3ximos de Temer. &#8220;N\u00e3o havia mais raz\u00e3o para o BC se manter t\u00e3o cauteloso, para n\u00e3o dizer medroso&#8221;, emenda.<\/p>\n<p>&nbsp;<\/p>\n<p><em>Bras\u00edlia, \u00a018h55min<\/em><\/p>\n","protected":false},"excerpt":{"rendered":"<p>O clima \u00e9 de comemora\u00e7\u00e3o no entorno do presidente Michel Temer. N\u00e3o sem raz\u00e3o. Era grande a aposta no Pal\u00e1cio do Planalto para que o Banco Central fosse mais ousado no corte da taxa b\u00e1sica de juros (Selic), a fim de dar mais est\u00edmulos \u00e0 economia, que continua em recess\u00e3o. &nbsp; Depois de dois dias [&hellip;]<\/p>\n","protected":false},"author":22,"featured_media":0,"comment_status":"open","ping_status":"closed","sticky":false,"template":"","format":"standard","meta":{"footnotes":""},"categories":[600],"tags":[1680,3,473,14,111,176,1319],"class_list":["post-3975","post","type-post","status-publish","format-standard","hentry","category-economia","tag-75-ponto-percentual","tag-banco-central","tag-corte-de-0","tag-inflacao","tag-michel-temer","tag-palacio-do-planalto","tag-taxa-basica-de-juros"],"_links":{"self":[{"href":"https:\/\/blogs.correiobraziliense.com.br\/vicente\/wp-json\/wp\/v2\/posts\/3975","targetHints":{"allow":["GET"]}}],"collection":[{"href":"https:\/\/blogs.correiobraziliense.com.br\/vicente\/wp-json\/wp\/v2\/posts"}],"about":[{"href":"https:\/\/blogs.correiobraziliense.com.br\/vicente\/wp-json\/wp\/v2\/types\/post"}],"author":[{"embeddable":true,"href":"https:\/\/blogs.correiobraziliense.com.br\/vicente\/wp-json\/wp\/v2\/users\/22"}],"replies":[{"embeddable":true,"href":"https:\/\/blogs.correiobraziliense.com.br\/vicente\/wp-json\/wp\/v2\/comments?post=3975"}],"version-history":[{"count":1,"href":"https:\/\/blogs.correiobraziliense.com.br\/vicente\/wp-json\/wp\/v2\/posts\/3975\/revisions"}],"predecessor-version":[{"id":3976,"href":"https:\/\/blogs.correiobraziliense.com.br\/vicente\/wp-json\/wp\/v2\/posts\/3975\/revisions\/3976"}],"wp:attachment":[{"href":"https:\/\/blogs.correiobraziliense.com.br\/vicente\/wp-json\/wp\/v2\/media?parent=3975"}],"wp:term":[{"taxonomy":"category","embeddable":true,"href":"https:\/\/blogs.correiobraziliense.com.br\/vicente\/wp-json\/wp\/v2\/categories?post=3975"},{"taxonomy":"post_tag","embeddable":true,"href":"https:\/\/blogs.correiobraziliense.com.br\/vicente\/wp-json\/wp\/v2\/tags?post=3975"}],"curies":[{"name":"wp","href":"https:\/\/api.w.org\/{rel}","templated":true}]}}