{"id":3973,"date":"2017-01-11T18:39:00","date_gmt":"2017-01-11T20:39:00","guid":{"rendered":"https:\/\/blogs.correiobraziliense.com.br\/vicente\/?p=3973"},"modified":"2017-01-11T18:39:00","modified_gmt":"2017-01-11T20:39:00","slug":"bradesco-anuncia-queda-de-juros-apos-decisao-do-copom","status":"publish","type":"post","link":"https:\/\/blogs.correiobraziliense.com.br\/vicente\/bradesco-anuncia-queda-de-juros-apos-decisao-do-copom\/","title":{"rendered":"Bradesco anuncia queda de juros ap\u00f3s decis\u00e3o do Copom"},"content":{"rendered":"<p>POR ANTONIO TEM\u00d3TEO<\/p>\n<p>&nbsp;<\/p>\n<p>Logo ap\u00f3s a decis\u00e3o do Comit\u00ea de Pol\u00edtica Monet\u00e1ria (Copom) de reduzir a Selic em 0,75 ponto percentual, para 13% ao ano, o Bradesco anunciou a redu\u00e7\u00e3o das taxas das linhas de cr\u00e9dito para pessoas f\u00edsicas e jur\u00eddica.<\/p>\n<p>&nbsp;<\/p>\n<p>As novas condi\u00e7\u00f5es valer\u00e3o a partir de segunda-feira, 16 de janeiro, em todas as ag\u00eancias da institui\u00e7\u00e3o financeira.\u00a0Para os clientes pessoa f\u00edsica, a linha de cr\u00e9dito pessoal<strong>\u00a0<\/strong>teve sua taxa m\u00ednima reduzida de 2,84% para 2,78% ao m\u00eas, e a m\u00e1xima de 7,78% para 7,72% ao m\u00eas.<\/p>\n<p>&nbsp;<\/p>\n<p>Na modalidade\u00a0CDC ve\u00edculos, a taxa m\u00ednima passou de 1,65% para 1,50% ao m\u00eas e a m\u00e1xima, de 3,66% para 2,99% ao m\u00eas. A taxa m\u00e1xima do cheque especial\u00a0passou de 13,55% para 13,49% ao m\u00eas.\u00a0Entre as linhas para\u00a0pessoa jur\u00eddica, a de capital de giro para micro e pequenas empresas\u00a0teve sua taxa m\u00ednima reduzida de 2,10% para 2,04% ao m\u00eas, e a m\u00e1xima de 4,27% para 4,19% ao m\u00eas.<\/p>\n<p>&nbsp;<\/p>\n<p>Al\u00e9m disso, a institui\u00e7\u00e3o financeira anunciou que os cart\u00f5es de cr\u00e9dito para pessoa f\u00edsica de jur\u00eddica ter\u00e3o redu\u00e7\u00e3o de 6 pontos base no rotativo.<\/p>\n<p>&nbsp;<\/p>\n<p>&nbsp;<\/p>\n","protected":false},"excerpt":{"rendered":"<p>POR ANTONIO TEM\u00d3TEO &nbsp; Logo ap\u00f3s a decis\u00e3o do Comit\u00ea de Pol\u00edtica Monet\u00e1ria (Copom) de reduzir a Selic em 0,75 ponto percentual, para 13% ao ano, o Bradesco anunciou a redu\u00e7\u00e3o das taxas das linhas de cr\u00e9dito para pessoas f\u00edsicas e jur\u00eddica. &nbsp; As novas condi\u00e7\u00f5es valer\u00e3o a partir de segunda-feira, 16 de janeiro, em [&hellip;]<\/p>\n","protected":false},"author":22,"featured_media":0,"comment_status":"open","ping_status":"closed","sticky":false,"template":"","format":"standard","meta":{"footnotes":""},"categories":[600],"tags":[],"class_list":["post-3973","post","type-post","status-publish","format-standard","hentry","category-economia"],"_links":{"self":[{"href":"https:\/\/blogs.correiobraziliense.com.br\/vicente\/wp-json\/wp\/v2\/posts\/3973","targetHints":{"allow":["GET"]}}],"collection":[{"href":"https:\/\/blogs.correiobraziliense.com.br\/vicente\/wp-json\/wp\/v2\/posts"}],"about":[{"href":"https:\/\/blogs.correiobraziliense.com.br\/vicente\/wp-json\/wp\/v2\/types\/post"}],"author":[{"embeddable":true,"href":"https:\/\/blogs.correiobraziliense.com.br\/vicente\/wp-json\/wp\/v2\/users\/22"}],"replies":[{"embeddable":true,"href":"https:\/\/blogs.correiobraziliense.com.br\/vicente\/wp-json\/wp\/v2\/comments?post=3973"}],"version-history":[{"count":1,"href":"https:\/\/blogs.correiobraziliense.com.br\/vicente\/wp-json\/wp\/v2\/posts\/3973\/revisions"}],"predecessor-version":[{"id":3974,"href":"https:\/\/blogs.correiobraziliense.com.br\/vicente\/wp-json\/wp\/v2\/posts\/3973\/revisions\/3974"}],"wp:attachment":[{"href":"https:\/\/blogs.correiobraziliense.com.br\/vicente\/wp-json\/wp\/v2\/media?parent=3973"}],"wp:term":[{"taxonomy":"category","embeddable":true,"href":"https:\/\/blogs.correiobraziliense.com.br\/vicente\/wp-json\/wp\/v2\/categories?post=3973"},{"taxonomy":"post_tag","embeddable":true,"href":"https:\/\/blogs.correiobraziliense.com.br\/vicente\/wp-json\/wp\/v2\/tags?post=3973"}],"curies":[{"name":"wp","href":"https:\/\/api.w.org\/{rel}","templated":true}]}}