{"id":3959,"date":"2017-01-11T17:55:08","date_gmt":"2017-01-11T19:55:08","guid":{"rendered":"https:\/\/blogs.correiobraziliense.com.br\/vicente\/?p=3959"},"modified":"2017-01-11T18:02:46","modified_gmt":"2017-01-11T20:02:46","slug":"teto-do-inss-passa-r-5-53131","status":"publish","type":"post","link":"https:\/\/blogs.correiobraziliense.com.br\/vicente\/teto-do-inss-passa-r-5-53131\/","title":{"rendered":"Teto do INSS passar\u00e1 a R$ 5.531,31"},"content":{"rendered":"<p>POR ANTONIO TEM\u00d3TEO<\/p>\n<p>&nbsp;<\/p>\n<p>O teto dos benef\u00edcios pagos pelo Instituto Nacional do Seguro Social (INSS) aos segurados chegar\u00e1 a R$ 5,531,31 em 2017. Esse valor leva em conta um reajuste de 6,58%, que se refere a varia\u00e7\u00e3o do \u00cdndice Nacional de Pre\u00e7os ao Consumidor (INPC) de 2016.<\/p>\n<p>&nbsp;<\/p>\n<p>O decreto que garantir\u00e1 o aumento deve ser publicado amanh\u00e3 pelo Minist\u00e9rio da Fazenda no Di\u00e1rio Oficial da Uni\u00e3o (DOU). Atualmente, o teto do INSS chega a R$ 5.189,82. Com o reajuste, o valor dos benef\u00edcios dos segurados aumentar\u00e1 R$ 341,49.<\/p>\n","protected":false},"excerpt":{"rendered":"<p>POR ANTONIO TEM\u00d3TEO &nbsp; O teto dos benef\u00edcios pagos pelo Instituto Nacional do Seguro Social (INSS) aos segurados chegar\u00e1 a R$ 5,531,31 em 2017. Esse valor leva em conta um reajuste de 6,58%, que se refere a varia\u00e7\u00e3o do \u00cdndice Nacional de Pre\u00e7os ao Consumidor (INPC) de 2016. &nbsp; O decreto que garantir\u00e1 o aumento [&hellip;]<\/p>\n","protected":false},"author":22,"featured_media":0,"comment_status":"open","ping_status":"closed","sticky":false,"template":"","format":"standard","meta":{"footnotes":""},"categories":[600],"tags":[],"class_list":["post-3959","post","type-post","status-publish","format-standard","hentry","category-economia"],"_links":{"self":[{"href":"https:\/\/blogs.correiobraziliense.com.br\/vicente\/wp-json\/wp\/v2\/posts\/3959","targetHints":{"allow":["GET"]}}],"collection":[{"href":"https:\/\/blogs.correiobraziliense.com.br\/vicente\/wp-json\/wp\/v2\/posts"}],"about":[{"href":"https:\/\/blogs.correiobraziliense.com.br\/vicente\/wp-json\/wp\/v2\/types\/post"}],"author":[{"embeddable":true,"href":"https:\/\/blogs.correiobraziliense.com.br\/vicente\/wp-json\/wp\/v2\/users\/22"}],"replies":[{"embeddable":true,"href":"https:\/\/blogs.correiobraziliense.com.br\/vicente\/wp-json\/wp\/v2\/comments?post=3959"}],"version-history":[{"count":3,"href":"https:\/\/blogs.correiobraziliense.com.br\/vicente\/wp-json\/wp\/v2\/posts\/3959\/revisions"}],"predecessor-version":[{"id":3962,"href":"https:\/\/blogs.correiobraziliense.com.br\/vicente\/wp-json\/wp\/v2\/posts\/3959\/revisions\/3962"}],"wp:attachment":[{"href":"https:\/\/blogs.correiobraziliense.com.br\/vicente\/wp-json\/wp\/v2\/media?parent=3959"}],"wp:term":[{"taxonomy":"category","embeddable":true,"href":"https:\/\/blogs.correiobraziliense.com.br\/vicente\/wp-json\/wp\/v2\/categories?post=3959"},{"taxonomy":"post_tag","embeddable":true,"href":"https:\/\/blogs.correiobraziliense.com.br\/vicente\/wp-json\/wp\/v2\/tags?post=3959"}],"curies":[{"name":"wp","href":"https:\/\/api.w.org\/{rel}","templated":true}]}}