{"id":3955,"date":"2017-01-11T12:05:04","date_gmt":"2017-01-11T14:05:04","guid":{"rendered":"https:\/\/blogs.correiobraziliense.com.br\/vicente\/?p=3955"},"modified":"2017-01-11T12:35:14","modified_gmt":"2017-01-11T14:35:14","slug":"correntistas-e-empresarios-protestam-contra-fechamento-de-agencia-do-banco-do-brasil","status":"publish","type":"post","link":"https:\/\/blogs.correiobraziliense.com.br\/vicente\/correntistas-e-empresarios-protestam-contra-fechamento-de-agencia-do-banco-do-brasil\/","title":{"rendered":"Correntistas e empres\u00e1rios protestam contra fechamento de ag\u00eancia do Banco do Brasil"},"content":{"rendered":"<p>POR DEBORAH FORTUNA<\/p>\n<p>&nbsp;<\/p>\n<p>O fechamento de 402 ag\u00eancias do Banco do Brasil e a transforma\u00e7\u00e3o de outras 379 em postos de atendimento t\u00eam causado transtorno para milhares de clientes da institui\u00e7\u00e3o financeira em todo o pa\u00eds. No Distrito Federal, ser\u00e3o encerradas as atividades de 20 unidades. Ontem, moradores e comerciantes das quadras 406 e 407 da Asa Sul protestaram contra o processo. A ag\u00eancia que funciona no local dar\u00e1 expediente somente at\u00e9 28 de janeiro.<\/p>\n<p>&nbsp;<\/p>\n<p>Inconformados com o fechamento, os manifestantes se reuniram em frente \u00e0 ag\u00eancia do BB com faixas, carro de som e peti\u00e7\u00f5es para que o lugar continue funcionando. Segundo a l\u00edder da manifesta\u00e7\u00e3o, Elizabete Alves de Souza, desde dezembro, quando descobriram que as atividades no local seriam encerradas, os clientes t\u00eam tentado barrar a mudan\u00e7a.<br \/>\nAtualmente, o BB possui 202 unidades no DF, das quais 113 s\u00e3o ag\u00eancias e 89, postos de atendimento. A institui\u00e7\u00e3o financeira ainda possui na capital federal 106 correspondentes banc\u00e1rios, 1.283 caixas eletr\u00f4nicos e 521 terminais da rede Banco 24h. No fim desse processo de reestrutura\u00e7\u00e3o, o BB ter\u00e1 89 ag\u00eancias e 93 postos de atendimento.<\/p>\n<p>&nbsp;<\/p>\n<p><strong>Abaixo-assinado<\/strong><\/p>\n<p>&nbsp;<\/p>\n<p>H\u00e1 algumas semanas, os manifestantes entregaram um abaixo-assinado com pouco mais de 200 assinaturas, mas n\u00e3o receberam respostas do banco. Elizabete conta que tamb\u00e9m conversou com o dono do pr\u00e9dio que aluga o espa\u00e7o, e que ele se mostrou flex\u00edvel a uma negocia\u00e7\u00e3o sobre o pre\u00e7o do aluguel. \u201cO banco tem de ver o nosso lado, e n\u00e3o est\u00e1 vendo\u201d, afirma.<br \/>\nPara a l\u00edder do movimento, motivos para a perman\u00eancia da ag\u00eancia n\u00e3o faltam. No abaixo-assinado est\u00e3o listadas alguns. Por exemplo, a localiza\u00e7\u00e3o, que ajuda o com\u00e9rcio e o acesso dos correntistas, j\u00e1 que abrange as quadras pares e o setor de embaixadas. Al\u00e9m disso, segundo ela, os clientes t\u00eam sido remanejados de forma aleat\u00f3ria, sem antes serem questionados para onde gostariam de ir.<\/p>\n<p>&nbsp;<\/p>\n<p>Elizabete comenta que foi transferida para uma ag\u00eancia no Lago Sul, apesar de morar no Sudoeste, e trabalhar em uma lot\u00e9rica que funciona em frente da antiga ag\u00eancia. \u201cO banco tem que atender o povo para conversar, para ver o que pode ser feito. Eles n\u00e3o existem sozinho, sem a gente\u201d, disse.<\/p>\n<p>&nbsp;<\/p>\n<p><strong>Transtornos<\/strong><\/p>\n<p>&nbsp;<\/p>\n<p>A dona de casa Joselira Correia, de 73 anos, tamb\u00e9m se mostrou insatisfeita com a mudan\u00e7a. Ela foi remanejada para uma ag\u00eancia na W3 Sul. \u201cEles est\u00e3o complicando a vida do povo\u201d, reclamou. Joselira foi at\u00e9 o banco para tentar sacar dinheiro, mas, apesar de a unidade s\u00f3 parar de funcionar no pr\u00f3ximo dia 28, muitos servi\u00e7os est\u00e3o indispon\u00edveis. Exisem avisos informando que os dep\u00f3sitos est\u00e3o indispon\u00edveis, mas v\u00e1rios clientes, como a dona de casa, n\u00e3o conseguiram sacar dinheiro ou fazer pagamentos.<\/p>\n<p>&nbsp;<\/p>\n<p>Em resposta \u00e0 reinvindica\u00e7\u00e3o dos clientes, o Banco do Brasil, em nota, informou que \u201crev\u00ea permanentemente a rede de pontos de atendimento para buscar efici\u00eancia operacional e adequar os canais \u00e0s demandas de seus clientes\u201d.\u00a0No caso espec\u00edfico da ag\u00eancia da 406\/407 da Asa Sul, a institui\u00e7\u00e3o financeira informou que \u201cos clientes ter\u00e3o suas contas e opera\u00e7\u00f5es automaticamente transferidas para a ag\u00eancia da 507 Sul\u201d, sem precisar fazer \u201cqualquer procedimento adicional\u201d. Os cart\u00f5es e senhas para transa\u00e7\u00f5es na nova ag\u00eancia, segundo o banco, ser\u00e3o mantidos, mesmo que haja altera\u00e7\u00e3o no n\u00famero da conta.<\/p>\n","protected":false},"excerpt":{"rendered":"<p>POR DEBORAH FORTUNA &nbsp; O fechamento de 402 ag\u00eancias do Banco do Brasil e a transforma\u00e7\u00e3o de outras 379 em postos de atendimento t\u00eam causado transtorno para milhares de clientes da institui\u00e7\u00e3o financeira em todo o pa\u00eds. No Distrito Federal, ser\u00e3o encerradas as atividades de 20 unidades. Ontem, moradores e comerciantes das quadras 406 e [&hellip;]<\/p>\n","protected":false},"author":22,"featured_media":0,"comment_status":"open","ping_status":"closed","sticky":false,"template":"","format":"standard","meta":{"footnotes":""},"categories":[600],"tags":[1709,229,1543,370,937],"class_list":["post-3955","post","type-post","status-publish","format-standard","hentry","category-economia","tag-406407-sul","tag-banco-do-brasil","tag-fechamento-de-agencias","tag-manifestacoes","tag-protestos"],"_links":{"self":[{"href":"https:\/\/blogs.correiobraziliense.com.br\/vicente\/wp-json\/wp\/v2\/posts\/3955","targetHints":{"allow":["GET"]}}],"collection":[{"href":"https:\/\/blogs.correiobraziliense.com.br\/vicente\/wp-json\/wp\/v2\/posts"}],"about":[{"href":"https:\/\/blogs.correiobraziliense.com.br\/vicente\/wp-json\/wp\/v2\/types\/post"}],"author":[{"embeddable":true,"href":"https:\/\/blogs.correiobraziliense.com.br\/vicente\/wp-json\/wp\/v2\/users\/22"}],"replies":[{"embeddable":true,"href":"https:\/\/blogs.correiobraziliense.com.br\/vicente\/wp-json\/wp\/v2\/comments?post=3955"}],"version-history":[{"count":1,"href":"https:\/\/blogs.correiobraziliense.com.br\/vicente\/wp-json\/wp\/v2\/posts\/3955\/revisions"}],"predecessor-version":[{"id":3956,"href":"https:\/\/blogs.correiobraziliense.com.br\/vicente\/wp-json\/wp\/v2\/posts\/3955\/revisions\/3956"}],"wp:attachment":[{"href":"https:\/\/blogs.correiobraziliense.com.br\/vicente\/wp-json\/wp\/v2\/media?parent=3955"}],"wp:term":[{"taxonomy":"category","embeddable":true,"href":"https:\/\/blogs.correiobraziliense.com.br\/vicente\/wp-json\/wp\/v2\/categories?post=3955"},{"taxonomy":"post_tag","embeddable":true,"href":"https:\/\/blogs.correiobraziliense.com.br\/vicente\/wp-json\/wp\/v2\/tags?post=3955"}],"curies":[{"name":"wp","href":"https:\/\/api.w.org\/{rel}","templated":true}]}}