{"id":3949,"date":"2017-01-11T09:07:19","date_gmt":"2017-01-11T11:07:19","guid":{"rendered":"https:\/\/blogs.correiobraziliense.com.br\/vicente\/?p=3949"},"modified":"2017-01-11T09:40:29","modified_gmt":"2017-01-11T11:40:29","slug":"para-planalto-banco-central-perdeu-todos-os-argumentos-para-conservadorismo-com-juros","status":"publish","type":"post","link":"https:\/\/blogs.correiobraziliense.com.br\/vicente\/para-planalto-banco-central-perdeu-todos-os-argumentos-para-conservadorismo-com-juros\/","title":{"rendered":"Para Planalto, Banco Central perdeu todos os argumentos para conservadorismo com juros"},"content":{"rendered":"<p>O Pal\u00e1cio do Planalto comemorou os \u00edndices de infla\u00e7\u00e3o divulgados hoje pelo Instituto Brasileiro de Geografia e Estat\u00edstica (IBGE). O \u00edndice de dezembro ficou em 0,30% e o de 2016, em 6,29%, abaixo do teto da meta, de 6,50%. Em ambos os casos, os n\u00fameros ficaram abaixo das estimativas de mercado.<\/p>\n<p>&nbsp;<\/p>\n<p>Com isso, acredita o Planalto, o BC perdeu todos os argumentos que vinha usando para manter uma pol\u00edtica de juros extremamente conservadora. A aposta, agora, \u00e9 de queda de 0,75 ponto percentual na taxa b\u00e1sica (Selic) na reuni\u00e3o de hoje do Comit\u00ea de Pol\u00edtica Monet\u00e1ria (Copom). A se confirmar essa aposta dos assessores diretos do presidente Michel Temer, a Selic baixar\u00e1 para 13% ao ano.<\/p>\n<p>&nbsp;<\/p>\n<p>Em seus documentos oficiais, o BC vinha alertando para a necessidade de queda da infla\u00e7\u00e3o corrente. Nos \u00faltimos quatro meses, o \u00cdndice de Pre\u00e7os ao Consumidor Amplo (IPCA) desabou, fechando aqu\u00e9m da m\u00e9dia mensal de 0,37% considerada ideal para o custo de vida ficar no centro da meta, de 4,5%.<\/p>\n<p>&nbsp;<\/p>\n<p>O BC cobrava ainda que as estimativas de infla\u00e7\u00e3o para 2017, 2018, 2019 e 2020 ficassem ancoradas em 4,5%, o que tamb\u00e9m ocorreu. Na quest\u00e3o fiscal, a autoridade monet\u00e1ria pedia avan\u00e7os em projetos para equilibrar as financas do pa\u00eds. O Congresso aprovou a emenda \u00e0 Constitui\u00e7\u00e3o que limita o aumento dos gastos p\u00fablicos. E mais: o governou encaminhou ao Legislativo a proposta de reforma da Previd\u00eancia Social.<\/p>\n<p>&nbsp;<\/p>\n<p>Em meio a esses avan\u00e7os, a recess\u00e3o se aprofundou. &#8220;Portanto, n\u00e3o h\u00e1 porque o BC se manter t\u00e3o cauteloso. Uma queda mais forte dos juros hoje dar\u00e1 \u00e2nimo novo \u00e0 atividade&#8221;, diz um dos mais pr\u00f3ximos ministros de Temer. &#8220;N\u00e3o h\u00e1 o que o presidente do BC, Ilan Goldfajn, temer&#8221;, acrescenta. At\u00e9 a divulga\u00e7\u00e3o da infla\u00e7\u00e3o de dezembro, a aposta majorit\u00e1ria no mercado era de corte de 0,5 ponto na Selic.<\/p>\n<p>&nbsp;<\/p>\n<p><i>Brad\u00edlia, 09h07min<\/i><\/p>\n","protected":false},"excerpt":{"rendered":"<p>O Pal\u00e1cio do Planalto comemorou os \u00edndices de infla\u00e7\u00e3o divulgados hoje pelo Instituto Brasileiro de Geografia e Estat\u00edstica (IBGE). O \u00edndice de dezembro ficou em 0,30% e o de 2016, em 6,29%, abaixo do teto da meta, de 6,50%. Em ambos os casos, os n\u00fameros ficaram abaixo das estimativas de mercado. &nbsp; Com isso, acredita [&hellip;]<\/p>\n","protected":false},"author":22,"featured_media":0,"comment_status":"open","ping_status":"closed","sticky":false,"template":"","format":"standard","meta":{"footnotes":""},"categories":[600],"tags":[],"class_list":["post-3949","post","type-post","status-publish","format-standard","hentry","category-economia"],"_links":{"self":[{"href":"https:\/\/blogs.correiobraziliense.com.br\/vicente\/wp-json\/wp\/v2\/posts\/3949","targetHints":{"allow":["GET"]}}],"collection":[{"href":"https:\/\/blogs.correiobraziliense.com.br\/vicente\/wp-json\/wp\/v2\/posts"}],"about":[{"href":"https:\/\/blogs.correiobraziliense.com.br\/vicente\/wp-json\/wp\/v2\/types\/post"}],"author":[{"embeddable":true,"href":"https:\/\/blogs.correiobraziliense.com.br\/vicente\/wp-json\/wp\/v2\/users\/22"}],"replies":[{"embeddable":true,"href":"https:\/\/blogs.correiobraziliense.com.br\/vicente\/wp-json\/wp\/v2\/comments?post=3949"}],"version-history":[{"count":5,"href":"https:\/\/blogs.correiobraziliense.com.br\/vicente\/wp-json\/wp\/v2\/posts\/3949\/revisions"}],"predecessor-version":[{"id":3954,"href":"https:\/\/blogs.correiobraziliense.com.br\/vicente\/wp-json\/wp\/v2\/posts\/3949\/revisions\/3954"}],"wp:attachment":[{"href":"https:\/\/blogs.correiobraziliense.com.br\/vicente\/wp-json\/wp\/v2\/media?parent=3949"}],"wp:term":[{"taxonomy":"category","embeddable":true,"href":"https:\/\/blogs.correiobraziliense.com.br\/vicente\/wp-json\/wp\/v2\/categories?post=3949"},{"taxonomy":"post_tag","embeddable":true,"href":"https:\/\/blogs.correiobraziliense.com.br\/vicente\/wp-json\/wp\/v2\/tags?post=3949"}],"curies":[{"name":"wp","href":"https:\/\/api.w.org\/{rel}","templated":true}]}}