{"id":3947,"date":"2017-01-11T08:35:13","date_gmt":"2017-01-11T10:35:13","guid":{"rendered":"https:\/\/blogs.correiobraziliense.com.br\/vicente\/?p=3947"},"modified":"2017-01-11T08:59:15","modified_gmt":"2017-01-11T10:59:15","slug":"farra-do-pp-na-funcef-o-fundo-de-pensao-da-caixa","status":"publish","type":"post","link":"https:\/\/blogs.correiobraziliense.com.br\/vicente\/farra-do-pp-na-funcef-o-fundo-de-pensao-da-caixa\/","title":{"rendered":"A farra do PP na Funcef, o fundo de pens\u00e3o da Caixa"},"content":{"rendered":"<p>\u00bb O PP, um dos partidos que d\u00e3o sustenta\u00e7\u00e3o a Michel Temer no Congresso, transformou a Funcef, o fundo de pens\u00e3o dos empregados da Caixa Econ\u00f4mica Federal, num ponto de encontro de seus deputados.<\/p>\n<p>&nbsp;<\/p>\n<p><b>O rombo s\u00f3 cresce<\/b><\/p>\n<p>&nbsp;<\/p>\n<p>\u00bb Em vez de dedicar seu tempo em busca de solu\u00e7\u00f5es para a Funcef, que acumula rombo superior a R$ 18 bilh\u00f5es, o presidente da funda\u00e7\u00e3o, Carlos Ant\u00f4nio Vieira Fernandes, s\u00f3 se preocupa em atender os pedidos do partido.<\/p>\n<p>&nbsp;<\/p>\n<p><b>Funcion\u00e1rios insatisfeitos<\/b><\/p>\n<p>&nbsp;<\/p>\n<p>\u00bb Os empregados da Caixa est\u00e3o extremamente insatisfeitos com a politicagem que impera na Funcef, Dizem que Temer s\u00f3 fez trocar o PT pelo PP no comando do fundo. O deficit continua aumentando e a conta caindo no colo deles.<\/p>\n<p>&nbsp;<\/p>\n<p><b>Convescote di\u00e1rio<\/b><\/p>\n<p>&nbsp;<\/p>\n<p>\u00bb Na Caixa, tamb\u00e9m comandada pelo PP, o quadro n\u00e3o \u00e9 diferente. A sala de reuni\u00f5es da diretoria se transformou em um grande restaurante para acomodar deputados e senadores do partido que procuram o presidente do banco, Gilberto Occhi.<\/p>\n<p>&nbsp;<\/p>\n<p><i>Bras\u00edlia, 08h35min<\/i><\/p>\n","protected":false},"excerpt":{"rendered":"<p>\u00bb O PP, um dos partidos que d\u00e3o sustenta\u00e7\u00e3o a Michel Temer no Congresso, transformou a Funcef, o fundo de pens\u00e3o dos empregados da Caixa Econ\u00f4mica Federal, num ponto de encontro de seus deputados. &nbsp; O rombo s\u00f3 cresce &nbsp; \u00bb Em vez de dedicar seu tempo em busca de solu\u00e7\u00f5es para a Funcef, que [&hellip;]<\/p>\n","protected":false},"author":22,"featured_media":0,"comment_status":"open","ping_status":"closed","sticky":false,"template":"","format":"standard","meta":{"footnotes":""},"categories":[600],"tags":[115,1708,109,296,168],"class_list":["post-3947","post","type-post","status-publish","format-standard","hentry","category-economia","tag-caixa-economica-federal","tag-farra-do-pp","tag-funcef","tag-gilberto-occhi","tag-prejuizos"],"_links":{"self":[{"href":"https:\/\/blogs.correiobraziliense.com.br\/vicente\/wp-json\/wp\/v2\/posts\/3947","targetHints":{"allow":["GET"]}}],"collection":[{"href":"https:\/\/blogs.correiobraziliense.com.br\/vicente\/wp-json\/wp\/v2\/posts"}],"about":[{"href":"https:\/\/blogs.correiobraziliense.com.br\/vicente\/wp-json\/wp\/v2\/types\/post"}],"author":[{"embeddable":true,"href":"https:\/\/blogs.correiobraziliense.com.br\/vicente\/wp-json\/wp\/v2\/users\/22"}],"replies":[{"embeddable":true,"href":"https:\/\/blogs.correiobraziliense.com.br\/vicente\/wp-json\/wp\/v2\/comments?post=3947"}],"version-history":[{"count":1,"href":"https:\/\/blogs.correiobraziliense.com.br\/vicente\/wp-json\/wp\/v2\/posts\/3947\/revisions"}],"predecessor-version":[{"id":3948,"href":"https:\/\/blogs.correiobraziliense.com.br\/vicente\/wp-json\/wp\/v2\/posts\/3947\/revisions\/3948"}],"wp:attachment":[{"href":"https:\/\/blogs.correiobraziliense.com.br\/vicente\/wp-json\/wp\/v2\/media?parent=3947"}],"wp:term":[{"taxonomy":"category","embeddable":true,"href":"https:\/\/blogs.correiobraziliense.com.br\/vicente\/wp-json\/wp\/v2\/categories?post=3947"},{"taxonomy":"post_tag","embeddable":true,"href":"https:\/\/blogs.correiobraziliense.com.br\/vicente\/wp-json\/wp\/v2\/tags?post=3947"}],"curies":[{"name":"wp","href":"https:\/\/api.w.org\/{rel}","templated":true}]}}